{"id":6090,"date":"2014-06-19T08:37:28","date_gmt":"2014-06-19T11:37:28","guid":{"rendered":"http:\/\/obispadodezaratecampana.org\/?p=6090"},"modified":"2014-06-19T08:37:28","modified_gmt":"2014-06-19T11:37:28","slug":"partida-retiro-para-jovenes-mujeres-en-pilar","status":"publish","type":"post","link":"https:\/\/obispadodezaratecampana.org\/?p=6090","title":{"rendered":"Partida: Retiro para j\u00f3venes mujeres en Pilar"},"content":{"rendered":"<p>&nbsp;<\/p>\n<p>&nbsp;<\/p>\n<p><a href=\"http:\/\/obispadodezaratecampana.org\/wp-content\/uploads\/2014\/06\/10403693_1502611309956955_3836838755527181008_n.jpg\"><img decoding=\"async\" class=\"aligncenter size-medium wp-image-6092\" src=\"http:\/\/obispadodezaratecampana.org\/wp-content\/uploads\/2014\/06\/10403693_1502611309956955_3836838755527181008_n-300x150.jpg\" alt=\"10403693_1502611309956955_3836838755527181008_n\" width=\"300\" height=\"150\" srcset=\"https:\/\/obispadodezaratecampana.org\/wp-content\/uploads\/2014\/06\/10403693_1502611309956955_3836838755527181008_n-300x150.jpg 300w, https:\/\/obispadodezaratecampana.org\/wp-content\/uploads\/2014\/06\/10403693_1502611309956955_3836838755527181008_n.jpg 600w\" sizes=\"(max-width: 300px) 100vw, 300px\" \/><\/a>En el fin de semana largo por el feriado del d\u00eda de la Bandera se estar\u00e1 realizando una nueva Partida de Mujeres. Pr\u00f3ximamente se desarrollar\u00e1 la Partida de Varones.<\/p>\n<p>Para informes acerca de este movimiento presente en nuestra di\u00f3cesis:<\/p>\n<p><a title=\"partida \" href=\"https:\/\/www.facebook.com\/MovimientodePartida.ZarateCampana35?fref=photo\">\u00a0https:\/\/www.facebook.com\/MovimientodePartida.ZarateCampana35?fref=photo<\/a><\/p>\n<p>&nbsp;<\/p>\n<p>&nbsp;<\/p>\n<!-- AddThis Advanced Settings generic via filter on the_content --><!-- AddThis Share Buttons generic via filter on the_content -->","protected":false},"excerpt":{"rendered":"<p>&nbsp; &nbsp; En el fin de semana largo por el feriado del d\u00eda de la Bandera se estar\u00e1 realizando una nueva Partida de Mujeres. Pr\u00f3ximamente [&hellip;]<!-- AddThis Advanced Settings generic via filter on get_the_excerpt --><!-- AddThis Share Buttons generic via filter on get_the_excerpt --><\/p>\n","protected":false},"author":2,"featured_media":6091,"comment_status":"open","ping_status":"open","sticky":false,"template":"","format":"standard","meta":{"footnotes":""},"categories":[4],"tags":[],"class_list":["post-6090","post","type-post","status-publish","format-standard","has-post-thumbnail","hentry","category-movimientosinstituciones"],"_links":{"self":[{"href":"https:\/\/obispadodezaratecampana.org\/index.php?rest_route=\/wp\/v2\/posts\/6090","targetHints":{"allow":["GET"]}}],"collection":[{"href":"https:\/\/obispadodezaratecampana.org\/index.php?rest_route=\/wp\/v2\/posts"}],"about":[{"href":"https:\/\/obispadodezaratecampana.org\/index.php?rest_route=\/wp\/v2\/types\/post"}],"author":[{"embeddable":true,"href":"https:\/\/obispadodezaratecampana.org\/index.php?rest_route=\/wp\/v2\/users\/2"}],"replies":[{"embeddable":true,"href":"https:\/\/obispadodezaratecampana.org\/index.php?rest_route=%2Fwp%2Fv2%2Fcomments&post=6090"}],"version-history":[{"count":1,"href":"https:\/\/obispadodezaratecampana.org\/index.php?rest_route=\/wp\/v2\/posts\/6090\/revisions"}],"predecessor-version":[{"id":6093,"href":"https:\/\/obispadodezaratecampana.org\/index.php?rest_route=\/wp\/v2\/posts\/6090\/revisions\/6093"}],"wp:featuredmedia":[{"embeddable":true,"href":"https:\/\/obispadodezaratecampana.org\/index.php?rest_route=\/wp\/v2\/media\/6091"}],"wp:attachment":[{"href":"https:\/\/obispadodezaratecampana.org\/index.php?rest_route=%2Fwp%2Fv2%2Fmedia&parent=6090"}],"wp:term":[{"taxonomy":"category","embeddable":true,"href":"https:\/\/obispadodezaratecampana.org\/index.php?rest_route=%2Fwp%2Fv2%2Fcategories&post=6090"},{"taxonomy":"post_tag","embeddable":true,"href":"https:\/\/obispadodezaratecampana.org\/index.php?rest_route=%2Fwp%2Fv2%2Ftags&post=6090"}],"curies":[{"name":"wp","href":"https:\/\/api.w.org\/{rel}","templated":true}]}}