{"id":6087,"date":"2014-06-19T08:18:35","date_gmt":"2014-06-19T11:18:35","guid":{"rendered":"http:\/\/obispadodezaratecampana.org\/?p=6087"},"modified":"2014-06-19T08:18:35","modified_gmt":"2014-06-19T11:18:35","slug":"el-papa-ser-iglesia-es-sentirse-en-las-manos-de-dios-que-es-padre-y-nos-ama-acaricia-y-espera","status":"publish","type":"post","link":"https:\/\/obispadodezaratecampana.org\/?p=6087","title":{"rendered":"EL PAPA: SER IGLESIA ES SENTIRSE EN LAS MANOS DE DIOS, QUE ES PADRE Y NOS AMA, ACARICIA Y ESPERA"},"content":{"rendered":"<p>TEXTO COMPLETO DE LA CATEQUESIS DEL MIERCOLES 18 DE JUNIO<\/p>\n<p>\u00abLa Iglesia: Dios forma a un pueblo<\/p>\n<p>Queridos hermanos y hermanas \u00a1buenos d\u00edas! Y felicitaciones a ustedes porque son valientes, con este tiempo que no se sabe si llueve o no llueve, pero \u00a1valientes eh! Esperemos que podamos terminar la audiencia sin agua. Que el Se\u00f1or tenga piedad de nosotros.<\/p>\n<p>Hoy comienzo un ciclo de catequesis sobre la Iglesia. Es un poco como un hijo que habla de la propia madre, de la propia familia. Hablar de la Iglesia es hablar de nuestra madre, de nuestra familia.<\/p>\n<p>En efecto, la Iglesia no es una instituci\u00f3n con finalidad en s\u00ed misma o una organizaci\u00f3n privada, una ONG, ni mucho menos se debe restringir al clero o al Vaticano&#8230; La Iglesia somos todos, \u00a1eh! No hay que limitarla a los sacerdotes, a los obispos, al Vaticano. Ellos son parte de la Iglesia, pero la Iglesia somos todos, todos.<\/p>\n<p>Y la Iglesia es una realidad mucho m\u00e1s amplia, que se abre a toda la humanidad y que no nace en un laboratorio, la Iglesia no naci\u00f3 en laboratorio, no naci\u00f3 improvisadamente. Est\u00e1 fundada por Jes\u00fas, pero es un pueblo con una larga historia a sus espaldas y una preparaci\u00f3n que comenz\u00f3 mucho antes de que Cristo viniera entre nosotros.<\/p>\n<p>1. Esta historia, o &#8220;prehistoria&#8221; de la Iglesia, ya se encuentra en las p\u00e1ginas del Antiguo Testamento. Hemos escuchado el libro del G\u00e9nesis, Dios escogi\u00f3 a Abraham, nuestro padre en la fe, y le pidi\u00f3 que se marchara, que abandonara su patria natal y se fuera hacia otra tierra que \u00c9l le mostrar\u00eda (cf. Gn 12,1-9).<\/p>\n<p>Y en esta vocaci\u00f3n Dios no llam\u00f3 a Abraham solo, como individuo, sino que desde el principio implic\u00f3 a su familia, a sus familiares y a todos los que estaban al servicio en su casa. Despu\u00e9s, una vez en camino &#8211; s\u00ed, as\u00ed comenz\u00f3 a caminar la Iglesia &#8211; Dios ensancha a\u00fan m\u00e1s el horizonte y colma a Abraham con su bendici\u00f3n, prometi\u00e9ndole una descendencia numerosa como las estrellas del cielo y como las arenas de la orilla del mar.<\/p>\n<p>El primer hecho importante es \u00e9ste: comenzando con Abraham, Dios forma un pueblo para que lleve su bendici\u00f3n a todas las familias de la tierra. Y dentro de este pueblo naci\u00f3 Jes\u00fas. Es Dios que hace este pueblo, esta historia, la Iglesia en camino. Y ah\u00ed nace Jes\u00fas: en este pueblo.<\/p>\n<p>2. Un segundo elemento: no es Abraham quien construye un pueblo en torno a s\u00ed, sino que es Dios quien da vida a este pueblo. Por lo general, era el hombre quien se dirig\u00eda a la divinidad, tratando de salvar la distancia y pidiendo apoyo y protecci\u00f3n. La gente rezaba a los dioses, \u00bfno? A las divinidades.<\/p>\n<p>Pero en este caso, sin embargo, somos testigos de algo sin precedentes: es Dios mismo quien toma la iniciativa \u2013escuchemos bien esto \u00a1eh!-, es Dios mismo quien llama a la puerta de Abraham y le dice: \u201cSigue adelante, vete de tu tierra, comienza a caminar y yo har\u00e9 de ti un gran pueblo\u201d. Y esto es el comienzo de la Iglesia y en este pueblo nace Jes\u00fas.<\/p>\n<p>Dios toma la iniciativa y dirige su palabra al hombre, creando un v\u00ednculo y una nueva relaci\u00f3n con \u00e9l. Pero padre, \u00bfc\u00f3mo es esto? \u00bfDios nos habla? \u201cS\u00ed\u201d. \u00bfY no podemos hablar con Dios? &#8220;S\u00ed&#8221;. \u00bfNosotros podemos tener una conversaci\u00f3n con Dios? \u201cS\u00ed\u201d. Esto se llama oraci\u00f3n, pero es Dios quien ha hecho esto desde el inicio.<\/p>\n<p>As\u00ed pues, Dios forma un pueblo con todos los que escuchan su Palabra y se ponen en camino confiando en \u00c9l. \u00c9sta es la \u00fanica condici\u00f3n, fiarse de Dios. Si t\u00fa te f\u00edas de Dios, lo escuchas y te pones en camino, esto es hacer Iglesia. Esto es hacer la Iglesia.<\/p>\n<p>El amor de Dios lo precede todo. Dios est\u00e1 siempre primero, llega antes que nosotros, \u00c9l nos precede. El profeta Isa\u00edas o Jerem\u00edas, no recuerdo bien, dec\u00eda que Dios es como la flor del almendro porque es el primer \u00e1rbol que florece en primavera. Es decir, Dios siempre florece antes que nosotros, cuando nosotros llegamos \u00c9l nos est\u00e1 esperando, \u00c9l nos llama, \u00c9l nos hace caminar. Siempre nos anticipa.<\/p>\n<p>Y esto se llama amor, porque Dios nos espera siempre. \u201cPero padre, yo no creo esto porque si usted supiera, padre. Mi vida ha sido tan fea \u00bfc\u00f3mo puedo pensar que Dios me espera? \u201cDios te espera. Y si fuiste un gran pecador te espera m\u00e1s y te espera con tanto amor, porque \u00c9l est\u00e1 primero&#8221;. \u00a1Es \u00e9sta la belleza de la Iglesia, que nos lleva a este Dios que nos espera! Precede a Abraham, incluso precede a Ad\u00e1n.<\/p>\n<p>3. Abraham y los suyos escuchan la llamada de Dios y se ponen en camino, no obstante no sepan bien qui\u00e9n es este Dios y d\u00f3nde los quiere conducir. Abraham se pone en camino porque este Dios le ha hablado, pero no ten\u00eda un libro de teolog\u00eda para estudiar qui\u00e9n era este Dios. Conf\u00eda, se f\u00eda del amor. Dios le hace sentir el amor y \u00e9l se f\u00eda.<\/p>\n<p>Pero esto no significa que ellos est\u00e9n siempre convencidos y fieles. Es m\u00e1s, desde el comienzo hay resistencia, el repliegue en s\u00ed mismos y sus propios intereses y la tentaci\u00f3n de regatear con Dios y resolver las cosas a modo propio. Y est\u00e1n son las traiciones y los pecados que marcan el camino del pueblo a lo largo de toda la historia de la salvaci\u00f3n, que es la historia de la fidelidad de Dios y de la infidelidad del pueblo.<\/p>\n<p>Pero Dios no se cansa, Dios tiene paciencia, tiene tanta paciencia y en el tiempo contin\u00faa a educar y a formar a su pueblo, como un padre con el propio hijo. Dios camina con nosotros. Dice el profeta Oseas: \u201cYo he caminado contigo y te he ense\u00f1ado a caminar como un pap\u00e1 ense\u00f1a a caminar al ni\u00f1o\u201d. Hermosa figura de Dios. Y as\u00ed es con nosotros. Nos ense\u00f1a a caminar. Y es la misma actitud que mantiene con respecto a la Iglesia. Tambi\u00e9n nosotros de hecho, a\u00fan en nuestro prop\u00f3sito de seguir al Se\u00f1or Jes\u00fas, tenemos experiencia cada d\u00eda del ego\u00edsmo y de la dureza de nuestro coraz\u00f3n.<\/p>\n<p>Pero cuando nos reconocemos pecadores, Dios nos llena de su misericordia y de su amor. Y nos perdona, nos perdona siempre. Y es precisamente esto que nos hace crecer como pueblo de Dios, como Iglesia: no es nuestra habilidad, no son nuestros m\u00e9ritos \u2013 somos poca cosa nosotros \u00a1eh!-. No es esto. Sino que es la experiencia cotidiana de cu\u00e1nto el Se\u00f1or nos ama y nos cuida. Esto es lo que nos hace sentir verdaderamente suyos, en sus manos y nos hace crecer en la comuni\u00f3n con \u00c9l y entre nosotros.<\/p>\n<p>Ser Iglesia es sentirse en las manos de Dios, que es padre y nos ama, nos acaricia, nos espera, nos hace sentir su ternura. \u00a1Y esto es muy bello!<\/p>\n<p>Queridos amigos, este es el proyecto de Dios. Cuando llam\u00f3 a Abraham, Dios pensaba en esto: formar un pueblo bendecido por su amor y llevase su bendici\u00f3n a todos los pueblos de la tierra. Este proyecto no cambia, es siempre vigente. En Cristo ha tenido su cumplimiento y a\u00fan hoy Dios contin\u00faa realiz\u00e1ndolo en la Iglesia.<\/p>\n<p>Pidamos entonces la gracia de permanecer fieles al Se\u00f1or Jes\u00fas y a la escucha de su Palabra, listos a partir cada d\u00eda, como Abraham, hacia la tierra de Dios y del hombre, nuestra verdadera patria, y as\u00ed transformarnos en bendici\u00f3n, signo del amor de Dios para todos sus hijos.<\/p>\n<p>Me gusta pensar que un sin\u00f3nimo, otro nombre que podr\u00edamos tener nosotros cristianos ser\u00eda esto: son hombres y mujeres, gente que bendice. El cristiano con su vida debe bendecir siempre, bendecir a Dios y bendecir tambi\u00e9n a todos nosotros. \u00a1Nosotros cristianos somos gente que bendice, que sabe bendecir! \u00a1\u00c9sta es una hermosa vocaci\u00f3n!\u00bb.<\/p>\n<p>Fuente: www.news.va<\/p>\n<!-- AddThis Advanced Settings generic via filter on the_content --><!-- AddThis Share Buttons generic via filter on the_content -->","protected":false},"excerpt":{"rendered":"<p>TEXTO COMPLETO DE LA CATEQUESIS DEL MIERCOLES 18 DE JUNIO \u00abLa Iglesia: Dios forma a un pueblo Queridos hermanos y hermanas \u00a1buenos d\u00edas! Y felicitaciones [&hellip;]<!-- AddThis Advanced Settings generic via filter on get_the_excerpt --><!-- AddThis Share Buttons generic via filter on get_the_excerpt --><\/p>\n","protected":false},"author":2,"featured_media":6088,"comment_status":"open","ping_status":"open","sticky":false,"template":"","format":"standard","meta":{"footnotes":""},"categories":[161],"tags":[],"class_list":["post-6087","post","type-post","status-publish","format-standard","has-post-thumbnail","hentry","category-el-papa-leonxiv"],"_links":{"self":[{"href":"https:\/\/obispadodezaratecampana.org\/index.php?rest_route=\/wp\/v2\/posts\/6087","targetHints":{"allow":["GET"]}}],"collection":[{"href":"https:\/\/obispadodezaratecampana.org\/index.php?rest_route=\/wp\/v2\/posts"}],"about":[{"href":"https:\/\/obispadodezaratecampana.org\/index.php?rest_route=\/wp\/v2\/types\/post"}],"author":[{"embeddable":true,"href":"https:\/\/obispadodezaratecampana.org\/index.php?rest_route=\/wp\/v2\/users\/2"}],"replies":[{"embeddable":true,"href":"https:\/\/obispadodezaratecampana.org\/index.php?rest_route=%2Fwp%2Fv2%2Fcomments&post=6087"}],"version-history":[{"count":1,"href":"https:\/\/obispadodezaratecampana.org\/index.php?rest_route=\/wp\/v2\/posts\/6087\/revisions"}],"predecessor-version":[{"id":6089,"href":"https:\/\/obispadodezaratecampana.org\/index.php?rest_route=\/wp\/v2\/posts\/6087\/revisions\/6089"}],"wp:featuredmedia":[{"embeddable":true,"href":"https:\/\/obispadodezaratecampana.org\/index.php?rest_route=\/wp\/v2\/media\/6088"}],"wp:attachment":[{"href":"https:\/\/obispadodezaratecampana.org\/index.php?rest_route=%2Fwp%2Fv2%2Fmedia&parent=6087"}],"wp:term":[{"taxonomy":"category","embeddable":true,"href":"https:\/\/obispadodezaratecampana.org\/index.php?rest_route=%2Fwp%2Fv2%2Fcategories&post=6087"},{"taxonomy":"post_tag","embeddable":true,"href":"https:\/\/obispadodezaratecampana.org\/index.php?rest_route=%2Fwp%2Fv2%2Ftags&post=6087"}],"curies":[{"name":"wp","href":"https:\/\/api.w.org\/{rel}","templated":true}]}}