{"id":6076,"date":"2014-06-18T05:51:19","date_gmt":"2014-06-18T08:51:19","guid":{"rendered":"http:\/\/obispadodezaratecampana.org\/?p=6076"},"modified":"2014-06-18T05:51:19","modified_gmt":"2014-06-18T08:51:19","slug":"el-papa-para-los-corruptos-solo-hay-una-salida-pedir-perdon-y-restituir-lo-robado","status":"publish","type":"post","link":"https:\/\/obispadodezaratecampana.org\/?p=6076","title":{"rendered":"EL PAPA: PARA LOS CORRUPTOS SOLO HAY UNA SALIDA: PEDIR PERD\u00d3N Y RESTITUIR LO ROBADO"},"content":{"rendered":"<p>Queridos amigos, el Papa Francisco contin\u00faa en su homil\u00eda de hoy las reflexiones sobre la corrupci\u00f3n que inici\u00f3 el lunes 16 de junio.<\/p>\n<p>El corrupto &#8220;irrita a Dios y hace pecar al pueblo&#8221;. Por eso, para los corruptos s\u00f3lo hay una salida: &#8220;pedir perd\u00f3n&#8221;. De lo contrario, se encontrar\u00e1n con la maldici\u00f3n de Dios. Cuando uno entra en el camino de la corrupci\u00f3n&#8221;, &#8220;quita la vida, usurpa y se vende\u201d.<\/p>\n<p>El Papa Francisco volvi\u00f3 a hacer una vibrante denuncia de la corrupci\u00f3n, reflexionando sobre la primera lectura de hoy, que narra el asesinato de Nabot a instancias del corrupto rey Acab, que codiciaba su vi\u00f1a.<\/p>\n<p>El profeta El\u00edas, explic\u00f3 el Papa, dice que el corrupto rey Acab se &#8220;ha vendido&#8221;. Es como si dejase de ser una persona y se convirtiera en una mercanc\u00eda, &#8220;compra y se vende\u201d.<\/p>\n<p>&#8220;Ayer dijimos que hab\u00eda tres tipos, tres grupos de corruptos: el pol\u00edtico corrupto, el empresario corrupto y el eclesi\u00e1stico corrupto. Los tres da\u00f1an a los inocentes, a los pobres, \u00a1porque son los pobres los que pagan la fiesta de los corruptos! La cuenta va a ellos. El Se\u00f1or dice claramente lo que va a hacer: &#8216;Yo har\u00e9 caer sobre ti un desastre y acabar\u00e9 contigo. Exterminar\u00e9 de Acab todo var\u00f3n, esclavo u hombre libre en Israel&#8217;\u201d.<\/p>\n<p>&#8220;\u00a1El corrupto \u2013 contin\u00faa el Papa &#8211; irrita y hace pecar al pueblo de Dios!&#8221;. Jes\u00fas lo dijo claramente: el que escandaliza es mejor que se tire al mar. El corrupto &#8220;escandaliza a la sociedad, escandaliza al pueblo de Dios. El Se\u00f1or anuncia el castigo de los corruptos&#8221;, porque &#8220;escandalizan, porque explotan a los que no pueden defenderse, esclavizan&#8221;.<\/p>\n<p>El corrupto &#8220;se vende para hacer el mal, pero \u00e9l no lo sabe: \u00e9l cree que se vende para tener m\u00e1s dinero, m\u00e1s poder. Pero en realidad se vende para hacer el mal, para matar. Por eso, cuando decimos &#8216;este hombre es un corrupto, esta mujer es una corrupta&#8217;&#8230; Deteng\u00e1monos un momento: \u00bft\u00fa tienes las pruebas? Porque decir que una persona es corrupta es decir esto: que est\u00e1 condenada, que el Se\u00f1or la ha expulsado&#8221;.<\/p>\n<p>&#8220;\u00a1Son traidores los corruptos, mucho m\u00e1s! Lo primero, la definici\u00f3n de corrupto: uno que roba, uno que mata. La segunda cosa: \u00bfqu\u00e9 es lo que les espera a los corruptos? La maldici\u00f3n de Dios, porque han explotado a los inocentes, a los que no pueden defenderse a s\u00ed mismos, y lo han hecho con guantes blancos, de lejos, sin ensuciarse las manos&#8221;.<\/p>\n<p>Pero, \u00bfhay una salida, una puerta de salida para los corruptos? \u00a1S\u00ed!: &#8216;Cuando oy\u00f3 estas palabras, Acab de rasg\u00f3 las vestiduras, visti\u00f3 con un saco su cuerpo, y ayun\u00f3. Dorm\u00eda con la arpillera puesta, y caminaba con la cabeza baja&#8217;. Empez\u00f3 a hacer penitencia&#8221;.<\/p>\n<p>&#8220;Esta es la puerta de salida para los corruptos, para los pol\u00edticos corruptos, para los hombres de negocios corruptos, para los eclesi\u00e1sticos corruptos: \u00a1pedir perd\u00f3n!&#8221;. En este punto, el Papa subray\u00f3 que &#8220;el Se\u00f1or perdona, pero perdona cuando los corruptos hacen lo que hizo Zaqueo: &#8216;He robado, Se\u00f1or. Devolver\u00e9 cuatro veces lo que he robado'&#8221;.<\/p>\n<p>&#8220;Cuando leemos en los peri\u00f3dicos que \u00e9ste es corrupto, que el otro es un corrupto, que hizo ese acto de corrupci\u00f3n y que cobr\u00f3 esta comisi\u00f3n ilegal de aqu\u00ed y de all\u00ed, y tambi\u00e9n muchas cosas de algunos prelados, nuestro deber como cristianos es pedir perd\u00f3n por ellos y pedir al Se\u00f1or que les d\u00e9 la gracia de arrepentirse, que no mueran con el coraz\u00f3n corrupto&#8221;.<\/p>\n<p>\u201cCondenar a los corruptos: \u00a1si!\u201d ha concluido el Papa. Y tambi\u00e9n &#8220;pedir la gracia de no convertirnos en corruptos, y rezar para su conversi\u00f3n&#8221;.<\/p>\n<p>Fuente: www.news.va<\/p>\n<!-- AddThis Advanced Settings generic via filter on the_content --><!-- AddThis Share Buttons generic via filter on the_content -->","protected":false},"excerpt":{"rendered":"<p>Queridos amigos, el Papa Francisco contin\u00faa en su homil\u00eda de hoy las reflexiones sobre la corrupci\u00f3n que inici\u00f3 el lunes 16 de junio. El corrupto [&hellip;]<!-- AddThis Advanced Settings generic via filter on get_the_excerpt --><!-- AddThis Share Buttons generic via filter on get_the_excerpt --><\/p>\n","protected":false},"author":2,"featured_media":6077,"comment_status":"open","ping_status":"open","sticky":false,"template":"","format":"standard","meta":{"footnotes":""},"categories":[161],"tags":[],"class_list":["post-6076","post","type-post","status-publish","format-standard","has-post-thumbnail","hentry","category-el-papa-leonxiv"],"_links":{"self":[{"href":"https:\/\/obispadodezaratecampana.org\/index.php?rest_route=\/wp\/v2\/posts\/6076","targetHints":{"allow":["GET"]}}],"collection":[{"href":"https:\/\/obispadodezaratecampana.org\/index.php?rest_route=\/wp\/v2\/posts"}],"about":[{"href":"https:\/\/obispadodezaratecampana.org\/index.php?rest_route=\/wp\/v2\/types\/post"}],"author":[{"embeddable":true,"href":"https:\/\/obispadodezaratecampana.org\/index.php?rest_route=\/wp\/v2\/users\/2"}],"replies":[{"embeddable":true,"href":"https:\/\/obispadodezaratecampana.org\/index.php?rest_route=%2Fwp%2Fv2%2Fcomments&post=6076"}],"version-history":[{"count":1,"href":"https:\/\/obispadodezaratecampana.org\/index.php?rest_route=\/wp\/v2\/posts\/6076\/revisions"}],"predecessor-version":[{"id":6078,"href":"https:\/\/obispadodezaratecampana.org\/index.php?rest_route=\/wp\/v2\/posts\/6076\/revisions\/6078"}],"wp:featuredmedia":[{"embeddable":true,"href":"https:\/\/obispadodezaratecampana.org\/index.php?rest_route=\/wp\/v2\/media\/6077"}],"wp:attachment":[{"href":"https:\/\/obispadodezaratecampana.org\/index.php?rest_route=%2Fwp%2Fv2%2Fmedia&parent=6076"}],"wp:term":[{"taxonomy":"category","embeddable":true,"href":"https:\/\/obispadodezaratecampana.org\/index.php?rest_route=%2Fwp%2Fv2%2Fcategories&post=6076"},{"taxonomy":"post_tag","embeddable":true,"href":"https:\/\/obispadodezaratecampana.org\/index.php?rest_route=%2Fwp%2Fv2%2Ftags&post=6076"}],"curies":[{"name":"wp","href":"https:\/\/api.w.org\/{rel}","templated":true}]}}