{"id":6065,"date":"2014-06-17T08:37:43","date_gmt":"2014-06-17T11:37:43","guid":{"rendered":"http:\/\/obispadodezaratecampana.org\/?p=6065"},"modified":"2014-06-17T08:37:43","modified_gmt":"2014-06-17T11:37:43","slug":"papa-francisco-los-danos-que-causan-los-corruptos-los-pagan-los-pobres","status":"publish","type":"post","link":"https:\/\/obispadodezaratecampana.org\/?p=6065","title":{"rendered":"PAPA FRANCISCO: LOS DA\u00d1OS QUE CAUSAN LOS CORRUPTOS LOS PAGAN LOS POBRES"},"content":{"rendered":"<p>La corrupci\u00f3n de los poderosos termina siendo \u201cpagada por los pobres\u201d, quienes por avidez de los potentes terminan sin aquello que necesitan y a lo que tienen derecho. Lo afirm\u00f3 el Papa Francisco en la \u00a0ma\u00f1ana del lunes 16 de junio en la Misa matutina en la Casa de Santa Marta. \u201cEl \u00fanico camino\u201d para vencer \u201cel pecado de la corrupci\u00f3n\u201d &#8211; concluy\u00f3 &#8211; es \u201cel servicio\u201d a los dem\u00e1s que purifica el coraz\u00f3n.<\/p>\n<p>Una historia muy triste que, aunque es muy antigua, sigue siendo un reflejo de uno de los pecados m\u00e1s \u201ca la mano\u201d: la corrupci\u00f3n. El Papa Francisco reflexiona sobre la p\u00e1gina de la Biblia, seg\u00fan lo propuesto por la liturgia, que cuenta la historia de Nabot, propietario de un vi\u00f1edo por generaciones. Cuando el rey Acab con la intenci\u00f3n &#8211; dijo el Papa &#8211; \u201cde ensanchar un poco su jard\u00edn\u201d, le pide que se lo venda, Nabot se niega porque no tiene la intenci\u00f3n de deshacerse de \u201cla herencia de sus padres\u201d.<\/p>\n<p>El Rey tom\u00f3 el rechazo muy mal, por lo que su esposa Jezabel teje una trampa: con la ayuda de testigos falsos, hace llevar a la corte a Nabot, que termina condenado y apedreado hasta la muerte. Y al final, entrega la vi\u00f1a deseada a su marido, quien- observa Papa Francisco \u2013 la recibe \u201ctranquilo, como si nada hubiera pasado\u201d. \u201cEsta historia\u201d &#8211; comenta &#8211; \u201cse repite continuamente entre los que tienen poder material o poder pol\u00edtico o poder espiritual\u201d.<\/p>\n<p>\u201cEn los peri\u00f3dicos leemos muchas veces: ah, fue llevado al tribunal aquel pol\u00edtico que se ha enriquecido m\u00e1gicamente. Estuvo en el tribunal, fue llevado a la corte aquel jefe de empresa \u201cm\u00e1gicamente\u201d enriquecido, es decir, por la explotaci\u00f3n de sus trabajadores. Se habla demasiado de un prelado que se ha enriquecido mucho y ha dejado su deber pastoral para cuidar su poder.<\/p>\n<p>As\u00ed, los corruptos pol\u00edticos, los corruptos de los negocios y los corruptos eclesi\u00e1sticos. Est\u00e1n por todas partes. Y tenemos que decir la verdad: la corrupci\u00f3n es precisamente \u201cel\u201d pecado \u201ca la mano\u201d, que tiene aquella persona con autoridad sobre los dem\u00e1s, sea econ\u00f3mica, sea pol\u00edtica, sea eclesi\u00e1stica. Todos somos tentados a la corrupci\u00f3n. Es un pecado \u201ca la mano\u201d. Porque cuando uno tiene autoridad se siente poderoso, se siente casi Dios\u201d.<\/p>\n<p>Por otra parte &#8211; prosigui\u00f3 Papa Francisco \u2013 uno se corrompe a lo largo del \u201ccamino de la propia seguridad\u201d. Con el bienestar, el dinero, el poder, la vanidad, el orgullo&#8230; Y a partir de ah\u00ed, todo. \u201cIncluso matar\u201d. Pero &#8211; se pregunta el Papa &#8211; \u201c\u00bfqui\u00e9n paga la corrupci\u00f3n?\u201d \u00bfEl que te lleva la tangente? \u00a1No! \u201cEsto es lo que hace el intermediario. La corrupci\u00f3n en realidad, la paga el pobre\u201d.<\/p>\n<p>\u201cSi hablamos de los corruptos pol\u00edticos o de los economistas corruptos, \u00bfqui\u00e9n paga esto? Pagan los hospitales sin medicinas, los enfermos que no tienen cuidados, los ni\u00f1os sin educaci\u00f3n. Ellos son los modernos Nabot, que pagan la corrupci\u00f3n de los grandes. \u00bfY qui\u00e9n paga la corrupci\u00f3n de un prelado? La pagan los ni\u00f1os, que no saben hacerse el signo de la cruz, que no saben la catequesis, que no son cuidados.<\/p>\n<p>La pagan los enfermos que no son visitados, la pagan los encarcelados que no tienen atenci\u00f3n espiritual. Los pobres pagan. La corrupci\u00f3n la pagan los pobres: pobres materiales, pobres espirituales\u201d.<\/p>\n<p>En cambio \u201cel \u00fanico camino para salir de la corrupci\u00f3n\u201d, \u2013 afirm\u00f3 el Sucesor de Pedro \u2013 \u201cel \u00fanico camino para vencer la tentaci\u00f3n, el pecado de la corrupci\u00f3n es el servicio\u201d. Porque, explic\u00f3, la corrupci\u00f3n viene del orgullo, de la soberbia, y el servicio te humilla: es la \u201ccaridad humilde para ayudar a los dem\u00e1s\u201d:<\/p>\n<p>\u201cHoy, ofrecemos la Misa por estos &#8211; tantos, tantos &#8211; que pagan la corrupci\u00f3n, que pagan la vida de los corruptos. Estos m\u00e1rtires de la corrupci\u00f3n pol\u00edtica, de la corrupci\u00f3n econ\u00f3mica y de la corrupci\u00f3n eclesi\u00e1stica. Rezamos por ellos. Que el Se\u00f1or nos acerque a ellos. Seguramente estaba muy cerca de Nabot, en el momento de la lapidaci\u00f3n, as\u00ed como estaba muy cerca de Esteban. Que el Se\u00f1or est\u00e9 cerca de ellos y les d\u00e9 la fuerza para ir hacia adelante en su testimonio, en el propio testimonio.<\/p>\n<p>Fuente: www.news.va<\/p>\n<!-- AddThis Advanced Settings generic via filter on the_content --><!-- AddThis Share Buttons generic via filter on the_content -->","protected":false},"excerpt":{"rendered":"<p>La corrupci\u00f3n de los poderosos termina siendo \u201cpagada por los pobres\u201d, quienes por avidez de los potentes terminan sin aquello que necesitan y a lo [&hellip;]<!-- AddThis Advanced Settings generic via filter on get_the_excerpt --><!-- AddThis Share Buttons generic via filter on get_the_excerpt --><\/p>\n","protected":false},"author":2,"featured_media":6066,"comment_status":"open","ping_status":"open","sticky":false,"template":"","format":"standard","meta":{"footnotes":""},"categories":[161],"tags":[],"class_list":["post-6065","post","type-post","status-publish","format-standard","has-post-thumbnail","hentry","category-el-papa-leonxiv"],"_links":{"self":[{"href":"https:\/\/obispadodezaratecampana.org\/index.php?rest_route=\/wp\/v2\/posts\/6065","targetHints":{"allow":["GET"]}}],"collection":[{"href":"https:\/\/obispadodezaratecampana.org\/index.php?rest_route=\/wp\/v2\/posts"}],"about":[{"href":"https:\/\/obispadodezaratecampana.org\/index.php?rest_route=\/wp\/v2\/types\/post"}],"author":[{"embeddable":true,"href":"https:\/\/obispadodezaratecampana.org\/index.php?rest_route=\/wp\/v2\/users\/2"}],"replies":[{"embeddable":true,"href":"https:\/\/obispadodezaratecampana.org\/index.php?rest_route=%2Fwp%2Fv2%2Fcomments&post=6065"}],"version-history":[{"count":1,"href":"https:\/\/obispadodezaratecampana.org\/index.php?rest_route=\/wp\/v2\/posts\/6065\/revisions"}],"predecessor-version":[{"id":6067,"href":"https:\/\/obispadodezaratecampana.org\/index.php?rest_route=\/wp\/v2\/posts\/6065\/revisions\/6067"}],"wp:featuredmedia":[{"embeddable":true,"href":"https:\/\/obispadodezaratecampana.org\/index.php?rest_route=\/wp\/v2\/media\/6066"}],"wp:attachment":[{"href":"https:\/\/obispadodezaratecampana.org\/index.php?rest_route=%2Fwp%2Fv2%2Fmedia&parent=6065"}],"wp:term":[{"taxonomy":"category","embeddable":true,"href":"https:\/\/obispadodezaratecampana.org\/index.php?rest_route=%2Fwp%2Fv2%2Fcategories&post=6065"},{"taxonomy":"post_tag","embeddable":true,"href":"https:\/\/obispadodezaratecampana.org\/index.php?rest_route=%2Fwp%2Fv2%2Ftags&post=6065"}],"curies":[{"name":"wp","href":"https:\/\/api.w.org\/{rel}","templated":true}]}}