{"id":6015,"date":"2014-06-11T20:47:41","date_gmt":"2014-06-11T23:47:41","guid":{"rendered":"http:\/\/obispadodezaratecampana.org\/?p=6015"},"modified":"2014-06-11T20:47:41","modified_gmt":"2014-06-11T23:47:41","slug":"audiencia-general-11de-junio-el-don-que-nos-convierte-en-cristianos-convencidos","status":"publish","type":"post","link":"https:\/\/obispadodezaratecampana.org\/?p=6015","title":{"rendered":"AUDIENCIA GENERAL -11DE JUNIO: EL DON QUE NOS CONVIERTE EN CRISTIANOS CONVENCIDOS"},"content":{"rendered":"<p>Ciudad del Vaticano, 11 junio 2014 (VIS).- &#8221;Con el don del temor de Dios, del que hablamos hoy -ha dicho el Papa en la Audiencia General -, concluye la serie de los siete dones del Esp\u00edritu Santo. Ese don no significa tener miedo de Dios -ha destacado-: sabemos bien que Dios es nuestro Padre, que nos ama y quiere nuestra salvaci\u00f3n, nos perdona siempre, \u00a1as\u00ed que no hay raz\u00f3n para tenerle miedo! El temor de Dios, sin embargo, es el don del Esp\u00edritu que nos recuerda lo peque\u00f1os que somos ante Dios y su amor, y que nuestro bienestar llega cuando nos abandonamos en sus manos con humildad, respeto y confianza&#8221;.<\/p>\n<p>&#8221;Cuando el Esp\u00edritu Santo mora nuestros corazones, nos da consuelo y paz&#8230; En ese momento, comprendemos c\u00f3mo el temor de Dios llega a nosotros en forma de docilidad, gratitud y alabanza llenando nuestros corazones de esperanza&#8221;. Francisco ha comentado al respecto que cuando no entendemos el plan de Dios nos damos cuenta de que no podemos asegurarnos la felicidad y la vida eterna. &#8221;Es sin embargo en la experiencia de nuestras limitaciones y nuestra pobreza, -ha dicho- cuando el Esp\u00edritu Santo nos consuela y nos hace sentir que la \u00fanica cosa importante es ser guiados por Jes\u00fas hacia los brazos de su Padre&#8221;.<\/p>\n<p>El Papa ha explicado la necesidad de un don que &#8221;nos hace ser conscientes de que todo viene de la gracia y de que nuestra fuerza real est\u00e1 \u00fanicamente en seguir al Se\u00f1or Jes\u00fas y en dejar que el Padre derrame sobre nosotros su bondad y su misericordia&#8230; El temor de Dios, por lo tanto, no nos convierte en cristianos t\u00edmidos y sumisos, sino que \u00a1genera en nosotros coraje y fuerza! Es un regalo que nos convierte en cristianos convencidos, entusiastas, \u00a1que no son sumisos al Se\u00f1or por miedo, sino porque se mueven y se dejan seducir por su amor!&#8221;.<\/p>\n<p>El temor de Dios es tambi\u00e9n &#8221;una advertencia ante el pecado&#8221;, porque &#8221;cuando vamos por mal camino, blasfemando contra Dios, explotando a los otros, con tiran\u00eda, y cuando se vive s\u00f3lo por el dinero, la vanidad, el poder y el orgullo, nos avisa que as\u00ed no seremos felices y terminaremos mal. &#8221;\u00bfCre\u00e9is que una persona corrupta ser\u00e1 feliz en el m\u00e1s all\u00e1? -ha preguntado el Pont\u00edfice- No, todo el fruto de su corrupci\u00f3n ha adulterado su coraz\u00f3n y le ser\u00e1 dif\u00edcil presentarse ante el Se\u00f1or&#8221;. Con estas palabras ha recordado a todos aquellos que se benefician del tr\u00e1fico de personas, del trabajo con esclavos, o de la fabricaci\u00f3n de armas. De estos \u00faltimos ha dicho que no les interesa la Palabra de Dios porque &#8221;fabrican la muerte, son mercaderes de muerte y hacen mercanc\u00eda de muerte&#8221;, y ha manifestado el deseo de que &#8221;el temor de Dios les haga comprender que un d\u00eda todo terminar\u00e1 y que tendr\u00e1n que rendirle cuentas&#8221;.<\/p>\n<p>Antes de finalizar, Francisco ha le\u00eddo una parte del Salmo 34: &#8216;Este pobre grit\u00f3 y el Se\u00f1or lo escuch\u00f3, y lo salv\u00f3 de todas sus angustias. El \u00e1ngel del Se\u00f1or hace sus rondas junto a los que le temen y los guarda&#8217;. &#8221;Pidamos al Se\u00f1or -ha dicho- la gracia de unir nuestra voz a la de los pobres para acoger el don del temor de Dios y poder reconocernos, recubiertos de la misericordia y del amor de Dios, que es nuestro Padre&#8221;<\/p>\n<!-- AddThis Advanced Settings generic via filter on the_content --><!-- AddThis Share Buttons generic via filter on the_content -->","protected":false},"excerpt":{"rendered":"<p>Ciudad del Vaticano, 11 junio 2014 (VIS).- &#8221;Con el don del temor de Dios, del que hablamos hoy -ha dicho el Papa en la Audiencia [&hellip;]<!-- AddThis Advanced Settings generic via filter on get_the_excerpt --><!-- AddThis Share Buttons generic via filter on get_the_excerpt --><\/p>\n","protected":false},"author":2,"featured_media":6016,"comment_status":"open","ping_status":"open","sticky":false,"template":"","format":"standard","meta":{"footnotes":""},"categories":[161],"tags":[],"class_list":["post-6015","post","type-post","status-publish","format-standard","has-post-thumbnail","hentry","category-el-papa-leonxiv"],"_links":{"self":[{"href":"https:\/\/obispadodezaratecampana.org\/index.php?rest_route=\/wp\/v2\/posts\/6015","targetHints":{"allow":["GET"]}}],"collection":[{"href":"https:\/\/obispadodezaratecampana.org\/index.php?rest_route=\/wp\/v2\/posts"}],"about":[{"href":"https:\/\/obispadodezaratecampana.org\/index.php?rest_route=\/wp\/v2\/types\/post"}],"author":[{"embeddable":true,"href":"https:\/\/obispadodezaratecampana.org\/index.php?rest_route=\/wp\/v2\/users\/2"}],"replies":[{"embeddable":true,"href":"https:\/\/obispadodezaratecampana.org\/index.php?rest_route=%2Fwp%2Fv2%2Fcomments&post=6015"}],"version-history":[{"count":1,"href":"https:\/\/obispadodezaratecampana.org\/index.php?rest_route=\/wp\/v2\/posts\/6015\/revisions"}],"predecessor-version":[{"id":6017,"href":"https:\/\/obispadodezaratecampana.org\/index.php?rest_route=\/wp\/v2\/posts\/6015\/revisions\/6017"}],"wp:featuredmedia":[{"embeddable":true,"href":"https:\/\/obispadodezaratecampana.org\/index.php?rest_route=\/wp\/v2\/media\/6016"}],"wp:attachment":[{"href":"https:\/\/obispadodezaratecampana.org\/index.php?rest_route=%2Fwp%2Fv2%2Fmedia&parent=6015"}],"wp:term":[{"taxonomy":"category","embeddable":true,"href":"https:\/\/obispadodezaratecampana.org\/index.php?rest_route=%2Fwp%2Fv2%2Fcategories&post=6015"},{"taxonomy":"post_tag","embeddable":true,"href":"https:\/\/obispadodezaratecampana.org\/index.php?rest_route=%2Fwp%2Fv2%2Ftags&post=6015"}],"curies":[{"name":"wp","href":"https:\/\/api.w.org\/{rel}","templated":true}]}}