{"id":6009,"date":"2014-06-11T20:10:34","date_gmt":"2014-06-11T23:10:34","guid":{"rendered":"http:\/\/obispadodezaratecampana.org\/?p=6009"},"modified":"2014-06-11T20:13:46","modified_gmt":"2014-06-11T23:13:46","slug":"sabado-14-de-junio-pena-en-escobar","status":"publish","type":"post","link":"https:\/\/obispadodezaratecampana.org\/?p=6009","title":{"rendered":"S\u00e1bado 14 de junio: Pe\u00f1a en Escobar"},"content":{"rendered":"<p><a href=\"http:\/\/obispadodezaratecampana.org\/wp-content\/uploads\/2014\/06\/10309195_713863885346519_3186353604568982252_n.jpg\"><img fetchpriority=\"high\" decoding=\"async\" class=\"aligncenter size-medium wp-image-6011\" src=\"http:\/\/obispadodezaratecampana.org\/wp-content\/uploads\/2014\/06\/10309195_713863885346519_3186353604568982252_n-300x224.jpg\" alt=\"10309195_713863885346519_3186353604568982252_n\" width=\"300\" height=\"224\" srcset=\"https:\/\/obispadodezaratecampana.org\/wp-content\/uploads\/2014\/06\/10309195_713863885346519_3186353604568982252_n-300x224.jpg 300w, https:\/\/obispadodezaratecampana.org\/wp-content\/uploads\/2014\/06\/10309195_713863885346519_3186353604568982252_n.jpg 403w\" sizes=\"(max-width: 300px) 100vw, 300px\" \/><\/a><\/p>\n<p>Compartimos esta invitaci\u00f3n de la comunidad de la Cocatedral Natividad del Se\u00f1or, en Escobar:<\/p>\n<p><em>Les recordamos este s\u00e1bado la Pe\u00f1a que se realizar\u00e1 en el Sal\u00f3n Parroquial de Escobar a total beneficio del Seminario de nuestra di\u00f3cesis.<\/em><br \/>\n<em>Todas las comunidades est\u00e0n invitadas a sumarse!!<\/em><br \/>\n<em>Hay entradas anticipadas a $25 o en la puerta a $30.-<\/em><br \/>\n<em>Los esperamos!!!<\/em><\/p>\n<p>Facebook de la Cocatedral:<\/p>\n<p><a title=\"cocatedral \" href=\"https:\/\/www.facebook.com\/cocatedralnatividad.escobar?fref=ts\">https:\/\/www.facebook.com\/cocatedralnatividad.escobar?fref=ts<\/a><\/p>\n<p><a title=\"cocatedral \" href=\"https:\/\/www.facebook.com\/cocatedralnatividad.escobar?fref=ts\">\u00a0<\/a><\/p>\n<p>&nbsp;<\/p>\n<!-- AddThis Advanced Settings generic via filter on the_content --><!-- AddThis Share Buttons generic via filter on the_content -->","protected":false},"excerpt":{"rendered":"<p>Compartimos esta invitaci\u00f3n de la comunidad de la Cocatedral Natividad del Se\u00f1or, en Escobar: Les recordamos este s\u00e1bado la Pe\u00f1a que se realizar\u00e1 en el [&hellip;]<!-- AddThis Advanced Settings generic via filter on get_the_excerpt --><!-- AddThis Share Buttons generic via filter on get_the_excerpt --><\/p>\n","protected":false},"author":2,"featured_media":6011,"comment_status":"open","ping_status":"open","sticky":false,"template":"","format":"standard","meta":{"footnotes":""},"categories":[3],"tags":[],"class_list":["post-6009","post","type-post","status-publish","format-standard","has-post-thumbnail","hentry","category-noticiasparroquiales"],"_links":{"self":[{"href":"https:\/\/obispadodezaratecampana.org\/index.php?rest_route=\/wp\/v2\/posts\/6009","targetHints":{"allow":["GET"]}}],"collection":[{"href":"https:\/\/obispadodezaratecampana.org\/index.php?rest_route=\/wp\/v2\/posts"}],"about":[{"href":"https:\/\/obispadodezaratecampana.org\/index.php?rest_route=\/wp\/v2\/types\/post"}],"author":[{"embeddable":true,"href":"https:\/\/obispadodezaratecampana.org\/index.php?rest_route=\/wp\/v2\/users\/2"}],"replies":[{"embeddable":true,"href":"https:\/\/obispadodezaratecampana.org\/index.php?rest_route=%2Fwp%2Fv2%2Fcomments&post=6009"}],"version-history":[{"count":3,"href":"https:\/\/obispadodezaratecampana.org\/index.php?rest_route=\/wp\/v2\/posts\/6009\/revisions"}],"predecessor-version":[{"id":6014,"href":"https:\/\/obispadodezaratecampana.org\/index.php?rest_route=\/wp\/v2\/posts\/6009\/revisions\/6014"}],"wp:featuredmedia":[{"embeddable":true,"href":"https:\/\/obispadodezaratecampana.org\/index.php?rest_route=\/wp\/v2\/media\/6011"}],"wp:attachment":[{"href":"https:\/\/obispadodezaratecampana.org\/index.php?rest_route=%2Fwp%2Fv2%2Fmedia&parent=6009"}],"wp:term":[{"taxonomy":"category","embeddable":true,"href":"https:\/\/obispadodezaratecampana.org\/index.php?rest_route=%2Fwp%2Fv2%2Fcategories&post=6009"},{"taxonomy":"post_tag","embeddable":true,"href":"https:\/\/obispadodezaratecampana.org\/index.php?rest_route=%2Fwp%2Fv2%2Ftags&post=6009"}],"curies":[{"name":"wp","href":"https:\/\/api.w.org\/{rel}","templated":true}]}}