{"id":6006,"date":"2014-06-11T19:56:45","date_gmt":"2014-06-11T22:56:45","guid":{"rendered":"http:\/\/obispadodezaratecampana.org\/?p=6006"},"modified":"2014-06-11T19:56:45","modified_gmt":"2014-06-11T22:56:45","slug":"vacaciones-de-invierno-retiro-para-jovenes-en-escobar","status":"publish","type":"post","link":"https:\/\/obispadodezaratecampana.org\/?p=6006","title":{"rendered":"Vacaciones de invierno: Retiro para j\u00f3venes en Escobar"},"content":{"rendered":"<p><a href=\"http:\/\/obispadodezaratecampana.org\/wp-content\/uploads\/2014\/06\/retiro.jpg\"><img fetchpriority=\"high\" decoding=\"async\" class=\"aligncenter size-medium wp-image-6007\" src=\"http:\/\/obispadodezaratecampana.org\/wp-content\/uploads\/2014\/06\/retiro-300x220.jpg\" alt=\"retiro\" width=\"300\" height=\"220\" srcset=\"https:\/\/obispadodezaratecampana.org\/wp-content\/uploads\/2014\/06\/retiro-300x220.jpg 300w, https:\/\/obispadodezaratecampana.org\/wp-content\/uploads\/2014\/06\/retiro.jpg 720w\" sizes=\"(max-width: 300px) 100vw, 300px\" \/><\/a><\/p>\n<p>En las pr\u00f3ximas vacaciones de invierno , los d\u00edas 22 y 23 de julio , se estar\u00e1 realizando el retiro &#8220;Volver a Casa&#8221;.<\/p>\n<p>Lugar: Colegio San Vicente de Paul &#8211; Escobar.<\/p>\n<p>Consultas al facebook de la Parroquia San Juan de la Cruz:<\/p>\n<p><a title=\"cruz\" href=\"https:\/\/www.facebook.com\/sjuandelacruz?fref=photo\">https:\/\/www.facebook.com\/sjuandelacruz?fref=photo<\/a><\/p>\n<!-- AddThis Advanced Settings generic via filter on the_content --><!-- AddThis Share Buttons generic via filter on the_content -->","protected":false},"excerpt":{"rendered":"<p>En las pr\u00f3ximas vacaciones de invierno , los d\u00edas 22 y 23 de julio , se estar\u00e1 realizando el retiro &#8220;Volver a Casa&#8221;. Lugar: Colegio [&hellip;]<!-- AddThis Advanced Settings generic via filter on get_the_excerpt --><!-- AddThis Share Buttons generic via filter on get_the_excerpt --><\/p>\n","protected":false},"author":2,"featured_media":6007,"comment_status":"open","ping_status":"open","sticky":false,"template":"","format":"standard","meta":{"footnotes":""},"categories":[3],"tags":[],"class_list":["post-6006","post","type-post","status-publish","format-standard","has-post-thumbnail","hentry","category-noticiasparroquiales"],"_links":{"self":[{"href":"https:\/\/obispadodezaratecampana.org\/index.php?rest_route=\/wp\/v2\/posts\/6006","targetHints":{"allow":["GET"]}}],"collection":[{"href":"https:\/\/obispadodezaratecampana.org\/index.php?rest_route=\/wp\/v2\/posts"}],"about":[{"href":"https:\/\/obispadodezaratecampana.org\/index.php?rest_route=\/wp\/v2\/types\/post"}],"author":[{"embeddable":true,"href":"https:\/\/obispadodezaratecampana.org\/index.php?rest_route=\/wp\/v2\/users\/2"}],"replies":[{"embeddable":true,"href":"https:\/\/obispadodezaratecampana.org\/index.php?rest_route=%2Fwp%2Fv2%2Fcomments&post=6006"}],"version-history":[{"count":1,"href":"https:\/\/obispadodezaratecampana.org\/index.php?rest_route=\/wp\/v2\/posts\/6006\/revisions"}],"predecessor-version":[{"id":6008,"href":"https:\/\/obispadodezaratecampana.org\/index.php?rest_route=\/wp\/v2\/posts\/6006\/revisions\/6008"}],"wp:featuredmedia":[{"embeddable":true,"href":"https:\/\/obispadodezaratecampana.org\/index.php?rest_route=\/wp\/v2\/media\/6007"}],"wp:attachment":[{"href":"https:\/\/obispadodezaratecampana.org\/index.php?rest_route=%2Fwp%2Fv2%2Fmedia&parent=6006"}],"wp:term":[{"taxonomy":"category","embeddable":true,"href":"https:\/\/obispadodezaratecampana.org\/index.php?rest_route=%2Fwp%2Fv2%2Fcategories&post=6006"},{"taxonomy":"post_tag","embeddable":true,"href":"https:\/\/obispadodezaratecampana.org\/index.php?rest_route=%2Fwp%2Fv2%2Ftags&post=6006"}],"curies":[{"name":"wp","href":"https:\/\/api.w.org\/{rel}","templated":true}]}}