{"id":5987,"date":"2014-06-11T18:56:46","date_gmt":"2014-06-11T21:56:46","guid":{"rendered":"http:\/\/obispadodezaratecampana.org\/?p=5987"},"modified":"2014-06-11T19:22:46","modified_gmt":"2014-06-11T22:22:46","slug":"monsenor-sarlinga-confirmo-jovenes-en-zarate","status":"publish","type":"post","link":"https:\/\/obispadodezaratecampana.org\/?p=5987","title":{"rendered":"Monse\u00f1or Sarlinga confirm\u00f3 j\u00f3venes en Z\u00e1rate"},"content":{"rendered":"<p>El lunes 9 de junio a las 18:00 \u00a0hs tuvieron lugar las confirmaciones de la comunidad de la parroquia Ntra. Sra. de Luj\u00e1n de Z\u00e1rate. Nuestro Obispo presidi\u00f3 la liturgia &#8211; en el d\u00eda de Mar\u00eda Madre de la Iglesia- que fue concelebrada por el cura p\u00e1rroco Mons. Osvaldo Montferrand.\u00a0 Celebraci\u00f3n de las confirmaciones<\/p>\n<p style=\"text-align: center;\">\u00a0 \u00a0 \u00a0 \u00a0 \u00a0 \u00a0 \u00a0 \u00a0 \u00a0 Celebraci\u00f3n de las confirmaciones<\/p>\n<p><strong><a href=\"http:\/\/obispadodezaratecampana.org\/wp-content\/uploads\/2014\/06\/misab.jpg\"><img fetchpriority=\"high\" decoding=\"async\" class=\"aligncenter size-medium wp-image-5989\" src=\"http:\/\/obispadodezaratecampana.org\/wp-content\/uploads\/2014\/06\/misab-300x225.jpg\" alt=\"misab\" width=\"300\" height=\"225\" srcset=\"https:\/\/obispadodezaratecampana.org\/wp-content\/uploads\/2014\/06\/misab-300x225.jpg 300w, https:\/\/obispadodezaratecampana.org\/wp-content\/uploads\/2014\/06\/misab.jpg 960w\" sizes=\"(max-width: 300px) 100vw, 300px\" \/><\/a><\/strong><\/p>\n<p>&nbsp;<\/p>\n<p><strong> <a href=\"http:\/\/obispadodezaratecampana.org\/wp-content\/uploads\/2014\/06\/misac.jpg\"><img decoding=\"async\" class=\"aligncenter size-medium wp-image-5990\" src=\"http:\/\/obispadodezaratecampana.org\/wp-content\/uploads\/2014\/06\/misac-300x225.jpg\" alt=\"misac\" width=\"300\" height=\"225\" srcset=\"https:\/\/obispadodezaratecampana.org\/wp-content\/uploads\/2014\/06\/misac-300x225.jpg 300w, https:\/\/obispadodezaratecampana.org\/wp-content\/uploads\/2014\/06\/misac.jpg 960w\" sizes=\"(max-width: 300px) 100vw, 300px\" \/><\/a><\/strong><\/p>\n<p>&nbsp;<\/p>\n<p><strong>Homil\u00eda del Obispo durante la celebraci\u00f3n\u00a0<\/strong><\/p>\n<p>&#8220;Ayer domingo para la iglesia fue un d\u00eda importante: la fiesta de Pentecost\u00e9s , del descenso del Esp\u00edritu Santo. Hoy lunes la Iglesia celebra a quien recibi\u00f3 al Esp\u00edritu en primer lugar-junto a los ap\u00f3stoles- , a Maria, la Virgen instituida como Madre de la Iglesia. Esto un motivo de gracia muy especial, una presencia y una ayuda : la intercesi\u00f3n de la Virgen Maria en las confirmaciones de hoy.<br \/>\nLa Confirmaci\u00f3n no es que viene a dar el Esp\u00edritu Santo porque antes no estaba, el Esp\u00edritu Santo en el Bautismo se nos da de una manera incompleta. La obra del Bautismo entonces, es completada de manera real &#8211; no abstracta- con la Confirmaci\u00f3n: es un sello con los 7 dones sagrados. Es un sello din\u00e1mico, una marca de vida, que se manifiesta en la fe, y en el env\u00edo en la iglesia y en la comunidad.<br \/>\nNo hay medios humanos que sean ajenos a este envi\u00f3: en la comunidad civil, en las familias, en los trabajos, en los \u00e1mbitos la de educaci\u00f3n y del vecindario, en cualquier lugar donde nos toque estar y vivir. Y es justamente alli donde tendr\u00eda que brillar nuestro sello . Primeramente deber\u00eda brillar en nuestras familias, pero no siempre ocurre (es ahi donde deber\u00edamos poner nuestro amor).<br \/>\nComo consecuencia de haber sido confirmado, tengo que tener un cambio de actitud y dejar entrar la luz del Esp\u00edritu en mi vida.<br \/>\nEste &#8211; como todo sacramento &#8211; no es algo m\u00e1gico. Todo lo que aparece como m\u00e1gico, es mentira, no existen este tipo de efectos. Lo que si tiene efecto es la acci\u00f3n del amor de Dios, y mi voluntad, lo que yo pongo de mi, para dejarme transformar por ese amor. Hay mucha gente que no cree o se aleja de la fe de la iglesia porque no ve una continuidad entre las cosas sacramentales o de culto, y la vida. Hace falta el testimonio &#8211; aun frente a las dificultades &#8211; y saber pedir perd\u00f3n. &#8221;<\/p>\n<p><strong>Video con la oraci\u00f3n de Ep\u00edclesis (invocaci\u00f3n al Esp\u00edritu Santo)<\/strong><\/p>\n<p><a title=\"Epiclesis\" href=\"https:\/\/www.youtube.com\/watch?v=FYoL0tBbfak&amp;feature=em-upload_owner\">https:\/\/www.youtube.com\/watch?v=FYoL0tBbfak&amp;feature=em-upload_owner<\/a><\/p>\n<p>&nbsp;<\/p>\n<p><a href=\"http:\/\/obispadodezaratecampana.org\/wp-content\/uploads\/2014\/06\/crisma.jpg\"><img decoding=\"async\" class=\"aligncenter size-medium wp-image-5991\" src=\"http:\/\/obispadodezaratecampana.org\/wp-content\/uploads\/2014\/06\/crisma-300x225.jpg\" alt=\"crisma\" width=\"300\" height=\"225\" srcset=\"https:\/\/obispadodezaratecampana.org\/wp-content\/uploads\/2014\/06\/crisma-300x225.jpg 300w, https:\/\/obispadodezaratecampana.org\/wp-content\/uploads\/2014\/06\/crisma.jpg 960w\" sizes=\"(max-width: 300px) 100vw, 300px\" \/><\/a><\/p>\n<p style=\"text-align: center;\">Crismaci\u00f3n<\/p>\n<p><a href=\"http:\/\/obispadodezaratecampana.org\/wp-content\/uploads\/2014\/06\/misag.jpg\"><img loading=\"lazy\" decoding=\"async\" class=\"aligncenter size-medium wp-image-5992\" src=\"http:\/\/obispadodezaratecampana.org\/wp-content\/uploads\/2014\/06\/misag-225x300.jpg\" alt=\"misag\" width=\"225\" height=\"300\" srcset=\"https:\/\/obispadodezaratecampana.org\/wp-content\/uploads\/2014\/06\/misag-225x300.jpg 225w, https:\/\/obispadodezaratecampana.org\/wp-content\/uploads\/2014\/06\/misag.jpg 720w\" sizes=\"(max-width: 225px) 100vw, 225px\" \/><\/a><\/p>\n<p style=\"text-align: center;\">\u00a0 \u00a0Presentaci\u00f3n de las ofrendas<\/p>\n<p><a href=\"http:\/\/obispadodezaratecampana.org\/wp-content\/uploads\/2014\/06\/misad.jpg\"><img loading=\"lazy\" decoding=\"async\" class=\"aligncenter size-medium wp-image-5993\" src=\"http:\/\/obispadodezaratecampana.org\/wp-content\/uploads\/2014\/06\/misad-300x225.jpg\" alt=\"misad\" width=\"300\" height=\"225\" srcset=\"https:\/\/obispadodezaratecampana.org\/wp-content\/uploads\/2014\/06\/misad-300x225.jpg 300w, https:\/\/obispadodezaratecampana.org\/wp-content\/uploads\/2014\/06\/misad.jpg 960w\" sizes=\"(max-width: 300px) 100vw, 300px\" \/><\/a><\/p>\n<p style=\"text-align: center;\">Comuni\u00f3n<\/p>\n<p><a href=\"http:\/\/obispadodezaratecampana.org\/wp-content\/uploads\/2014\/06\/comu.jpg\"><img loading=\"lazy\" decoding=\"async\" class=\"aligncenter size-medium wp-image-5994\" src=\"http:\/\/obispadodezaratecampana.org\/wp-content\/uploads\/2014\/06\/comu-300x225.jpg\" alt=\"comu\" width=\"300\" height=\"225\" srcset=\"https:\/\/obispadodezaratecampana.org\/wp-content\/uploads\/2014\/06\/comu-300x225.jpg 300w, https:\/\/obispadodezaratecampana.org\/wp-content\/uploads\/2014\/06\/comu.jpg 960w\" sizes=\"(max-width: 300px) 100vw, 300px\" \/><\/a><\/p>\n<p style=\"text-align: center;\">Comuni\u00f3n<\/p>\n<p><a href=\"http:\/\/obispadodezaratecampana.org\/wp-content\/uploads\/2014\/06\/misa.jpg\"><img loading=\"lazy\" decoding=\"async\" class=\"aligncenter size-medium wp-image-5995\" src=\"http:\/\/obispadodezaratecampana.org\/wp-content\/uploads\/2014\/06\/misa-300x225.jpg\" alt=\"misa\" width=\"300\" height=\"225\" srcset=\"https:\/\/obispadodezaratecampana.org\/wp-content\/uploads\/2014\/06\/misa-300x225.jpg 300w, https:\/\/obispadodezaratecampana.org\/wp-content\/uploads\/2014\/06\/misa.jpg 960w\" sizes=\"(max-width: 300px) 100vw, 300px\" \/><\/a><\/p>\n<p style=\"text-align: center;\">Agape fraterno en comunidad al finalizar la celebraci\u00f3n lit\u00fargica<\/p>\n<!-- AddThis Advanced Settings generic via filter on the_content --><!-- AddThis Share Buttons generic via filter on the_content -->","protected":false},"excerpt":{"rendered":"<p>El lunes 9 de junio a las 18:00 \u00a0hs tuvieron lugar las confirmaciones de la comunidad de la parroquia Ntra. Sra. de Luj\u00e1n de Z\u00e1rate. [&hellip;]<!-- AddThis Advanced Settings generic via filter on get_the_excerpt --><!-- AddThis Share Buttons generic via filter on get_the_excerpt --><\/p>\n","protected":false},"author":2,"featured_media":5988,"comment_status":"open","ping_status":"open","sticky":false,"template":"","format":"standard","meta":{"footnotes":""},"categories":[3],"tags":[],"class_list":["post-5987","post","type-post","status-publish","format-standard","has-post-thumbnail","hentry","category-noticiasparroquiales"],"_links":{"self":[{"href":"https:\/\/obispadodezaratecampana.org\/index.php?rest_route=\/wp\/v2\/posts\/5987","targetHints":{"allow":["GET"]}}],"collection":[{"href":"https:\/\/obispadodezaratecampana.org\/index.php?rest_route=\/wp\/v2\/posts"}],"about":[{"href":"https:\/\/obispadodezaratecampana.org\/index.php?rest_route=\/wp\/v2\/types\/post"}],"author":[{"embeddable":true,"href":"https:\/\/obispadodezaratecampana.org\/index.php?rest_route=\/wp\/v2\/users\/2"}],"replies":[{"embeddable":true,"href":"https:\/\/obispadodezaratecampana.org\/index.php?rest_route=%2Fwp%2Fv2%2Fcomments&post=5987"}],"version-history":[{"count":4,"href":"https:\/\/obispadodezaratecampana.org\/index.php?rest_route=\/wp\/v2\/posts\/5987\/revisions"}],"predecessor-version":[{"id":5999,"href":"https:\/\/obispadodezaratecampana.org\/index.php?rest_route=\/wp\/v2\/posts\/5987\/revisions\/5999"}],"wp:featuredmedia":[{"embeddable":true,"href":"https:\/\/obispadodezaratecampana.org\/index.php?rest_route=\/wp\/v2\/media\/5988"}],"wp:attachment":[{"href":"https:\/\/obispadodezaratecampana.org\/index.php?rest_route=%2Fwp%2Fv2%2Fmedia&parent=5987"}],"wp:term":[{"taxonomy":"category","embeddable":true,"href":"https:\/\/obispadodezaratecampana.org\/index.php?rest_route=%2Fwp%2Fv2%2Fcategories&post=5987"},{"taxonomy":"post_tag","embeddable":true,"href":"https:\/\/obispadodezaratecampana.org\/index.php?rest_route=%2Fwp%2Fv2%2Ftags&post=5987"}],"curies":[{"name":"wp","href":"https:\/\/api.w.org\/{rel}","templated":true}]}}