{"id":5970,"date":"2014-06-10T16:59:45","date_gmt":"2014-06-10T19:59:45","guid":{"rendered":"http:\/\/obispadodezaratecampana.org\/?p=5970"},"modified":"2014-06-10T17:01:08","modified_gmt":"2014-06-10T20:01:08","slug":"el-colegio-padre-anibal-di-francia-realiza-la-4-colecta-alimentaria","status":"publish","type":"post","link":"https:\/\/obispadodezaratecampana.org\/?p=5970","title":{"rendered":"El Colegio Padre An\u00edbal Di Francia realiza la 4\u00b0 Colecta Alimentaria"},"content":{"rendered":"<p><span style=\"color: #434343;\">Este mediod\u00eda, el Colegio Padre An\u00edbal Di Francia anunci\u00f3 en conferecia de prensa la\u00a04\u00b0 Colecta Alimentaria\u00a0que tendr\u00e1 lugar el pr\u00f3ximo s\u00e1bado 14 de junio, de 10 a 15 horas.\u00a0<\/span><\/p>\n<p>&nbsp;<\/p>\n<audio class=\"wp-audio-shortcode\" id=\"audio-5970-1\" preload=\"none\" style=\"width: 100%;\" controls=\"controls\"><source type=\"audio\/mpeg\" src=\"http:\/\/obispadodezaratecampana.org\/wp-content\/uploads\/2014\/06\/colecta-alimentos.mp3?_=1\" \/><a href=\"http:\/\/obispadodezaratecampana.org\/wp-content\/uploads\/2014\/06\/colecta-alimentos.mp3\">http:\/\/obispadodezaratecampana.org\/wp-content\/uploads\/2014\/06\/colecta-alimentos.mp3<\/a><\/audio>\n<p>Sergio Baigorri brind\u00f3 detalles de la colecta en entrevista con FM Santa Mar\u00eda 91.3.<\/p>\n<p>&nbsp;<\/p>\n<p><span style=\"color: #434343;\">Al respecto, la Dra. Adriana Barbero (secretaria de Comunicaci\u00f3n Institucional y Relaciones con la Comunidad) asegur\u00f3 que \u201cdesde el Municipio es un gusto estar acompa\u00f1ando a toda la comunidad educativa del Colegio\u201d al tiempo que inform\u00f3 que \u201cla Intendente Municipal Stella Maris Giroldi lo ha declarado de Inter\u00e9s Municipal a trav\u00e9s del Decreto 1043\u201d.\u00a0<\/span><br style=\"color: #434343;\" \/><br style=\"color: #434343;\" \/><span style=\"color: #434343;\">La Secretaria finalmente garantiz\u00f3 que \u201cdesde el Municipio se les brindar\u00e1 todo el acompa\u00f1amiento necesario ya sea desde CIMoPU, tr\u00e1nsito o bien cualquier otra dependencia que pudiere ser necesaria\u201d.\u00a0<\/span><br style=\"color: #434343;\" \/><br style=\"color: #434343;\" \/><span style=\"color: #434343;\">En tanto que, en nombre de la Uni\u00f3n Docentes, Sergio Baigorri coment\u00f3 que padres, docentes y alumnos deciden poner a disposici\u00f3n su tiempo para hacer un bien a otro. En esta oportunidad para recolectar alimentos no perecederos. \u201cSe trata tambi\u00e9n de realizar una contribuci\u00f3n, desde la comunidad educativa del Colegio, a la gente que m\u00e1s lo necesita\u201d, asegur\u00f3.\u00a0<\/span><br style=\"color: #434343;\" \/><br style=\"color: #434343;\" \/><span style=\"color: #434343;\">Adem\u00e1s advirti\u00f3 que \u201clos chicos no ingresar\u00e1n a ning\u00fan domicilio ya que lo tienen prohibido\u201d.\u00a0<\/span><br style=\"color: #434343;\" \/><br style=\"color: #434343;\" \/><span style=\"color: #434343;\">Baigorri detall\u00f3 que lo recaudado ser\u00e1 destinado a la Casa de D\u00eda del Padre An\u00edbal Di Francia, Hogar de Ni\u00f1os Nuestra Sra. de Lourdes, Escuela N\u00b0 28 de Islas, Jard\u00edn N\u00b0 905 de Islas, Centro de Formaci\u00f3n Profesional \u201cNuestra Sra. de las Islas\u201d y Capilla del barrio San Cayetano.\u00a0<\/span><br style=\"color: #434343;\" \/><br style=\"color: #434343;\" \/><span style=\"color: #434343;\">Por su parte, C\u00e9sar G\u00f3mez tambi\u00e9n agreg\u00f3 que \u201clos chicos recorrer\u00e1n las calles con uniformes y una pechera que los identifique. Siempre estar\u00e1n acompa\u00f1ados por un adulto que ser\u00e1 el responsable. Estar\u00e1n desde las 10 a las 15 horas, recorriendo la ciudad, pero adem\u00e1s habr\u00e1 puestos en los Supermercados Carrefour y Coto\u201d.\u00a0<\/span><br style=\"color: #434343;\" \/><br style=\"color: #434343;\" \/><span style=\"color: #434343;\">\u201cLos chicos recaudan solo alimentos. Nosotros no recibimos dinero. Pueden colaborar con leche en polvo, cacao, yerba, az\u00facar, polenta, fideos, entre otros\u201d, agreg\u00f3 y coment\u00f3 que \u201cpor el momento se junt\u00f3 un promedio de 4.500 kgs en cada a\u00f1o\u201d.\u00a0<\/span><br style=\"color: #434343;\" \/><br style=\"color: #434343;\" \/><span style=\"color: #434343;\">La Directora del Colegio, P\u00eda Biscotti, coment\u00f3 que la Colecta ha ido acrecent\u00e1ndose durante los \u00faltimos a\u00f1os. \u201cCada vez hemos sido m\u00e1s. Este es un proyecto institucional. Participa el nivel inicial, primario y secundario con la Uni\u00f3n de Padres. Hemos tenido muy buen aporte de la comunidad de Campana. Por ello, agradecemos y los invitamos nuevamente a colaborar con los campanenses\u201d, ponder\u00f3.<\/span><br style=\"color: #434343;\" \/><br style=\"color: #434343;\" \/><span style=\"color: #434343;\">Finalmente, los alumnos Guillermina, Bel\u00e9n, Antenor y Juan Ignacio coincidieron en destacar lo gratificante de participar de este tipo de experiencias. \u201cLa gente nos recibe muy bien y nos dan alimentos\u201d, comentaron ante los medios y aseguraron que \u201ces grato para todos poder ayudar\u201d.<\/span><\/p>\n<p>&nbsp;<\/p>\n<p>Fuente: <a href=\"http:\/\/www.campananoticias.com\/noticia\/25147\/el-colegio-padre-anbal-di-francia-realiza-la-4-colecta-alimentaria\" target=\"_blank\">Campana Noticias<\/a><\/p>\n<!-- AddThis Advanced Settings generic via filter on the_content --><!-- AddThis Share Buttons generic via filter on the_content -->","protected":false},"excerpt":{"rendered":"<p>Este mediod\u00eda, el Colegio Padre An\u00edbal Di Francia anunci\u00f3 en conferecia de prensa la\u00a04\u00b0 Colecta Alimentaria\u00a0que tendr\u00e1 lugar el pr\u00f3ximo s\u00e1bado 14 de junio, de [&hellip;]<!-- AddThis Advanced Settings generic via filter on get_the_excerpt --><!-- AddThis Share Buttons generic via filter on get_the_excerpt --><\/p>\n","protected":false},"author":1,"featured_media":5971,"comment_status":"open","ping_status":"open","sticky":false,"template":"","format":"standard","meta":{"footnotes":""},"categories":[4],"tags":[],"class_list":["post-5970","post","type-post","status-publish","format-standard","has-post-thumbnail","hentry","category-movimientosinstituciones"],"_links":{"self":[{"href":"https:\/\/obispadodezaratecampana.org\/index.php?rest_route=\/wp\/v2\/posts\/5970","targetHints":{"allow":["GET"]}}],"collection":[{"href":"https:\/\/obispadodezaratecampana.org\/index.php?rest_route=\/wp\/v2\/posts"}],"about":[{"href":"https:\/\/obispadodezaratecampana.org\/index.php?rest_route=\/wp\/v2\/types\/post"}],"author":[{"embeddable":true,"href":"https:\/\/obispadodezaratecampana.org\/index.php?rest_route=\/wp\/v2\/users\/1"}],"replies":[{"embeddable":true,"href":"https:\/\/obispadodezaratecampana.org\/index.php?rest_route=%2Fwp%2Fv2%2Fcomments&post=5970"}],"version-history":[{"count":1,"href":"https:\/\/obispadodezaratecampana.org\/index.php?rest_route=\/wp\/v2\/posts\/5970\/revisions"}],"predecessor-version":[{"id":5973,"href":"https:\/\/obispadodezaratecampana.org\/index.php?rest_route=\/wp\/v2\/posts\/5970\/revisions\/5973"}],"wp:featuredmedia":[{"embeddable":true,"href":"https:\/\/obispadodezaratecampana.org\/index.php?rest_route=\/wp\/v2\/media\/5971"}],"wp:attachment":[{"href":"https:\/\/obispadodezaratecampana.org\/index.php?rest_route=%2Fwp%2Fv2%2Fmedia&parent=5970"}],"wp:term":[{"taxonomy":"category","embeddable":true,"href":"https:\/\/obispadodezaratecampana.org\/index.php?rest_route=%2Fwp%2Fv2%2Fcategories&post=5970"},{"taxonomy":"post_tag","embeddable":true,"href":"https:\/\/obispadodezaratecampana.org\/index.php?rest_route=%2Fwp%2Fv2%2Ftags&post=5970"}],"curies":[{"name":"wp","href":"https:\/\/api.w.org\/{rel}","templated":true}]}}