{"id":5939,"date":"2014-06-08T16:33:54","date_gmt":"2014-06-08T19:33:54","guid":{"rendered":"http:\/\/obispadodezaratecampana.org\/?p=5939"},"modified":"2014-06-08T16:33:54","modified_gmt":"2014-06-08T19:33:54","slug":"sabado-7-de-junio-dia-del-periodista","status":"publish","type":"post","link":"https:\/\/obispadodezaratecampana.org\/?p=5939","title":{"rendered":"S\u00e1bado 7 de junio: D\u00eda del Periodista"},"content":{"rendered":"<p><em>Queridos comunicadores: Los saludamos y felicitamos a ustedes en el d\u00eda del Periodista. Dios les conceda especialmente en este fin de semana de Pentecost\u00e9s el don de la sabidur\u00eda y fortaleza para el desempe\u00f1o de su valioso trabajo. <\/em><\/p>\n<p style=\"text-align: center;\"><em>Delegaci\u00f3n Diocesana de Comunicaci\u00f3n de Z\u00e1rate-\u00a0<\/em><em>Campana <\/em><\/p>\n<p style=\"text-align: center;\"><em>\u00a0 \u00a0 \u00a0 \u00a0 \u00a0 \u00a0 \u00a0 \u00a0 \u00a0 \u00a0 \u00a0 \u00a0 \u00a0 \u00a0 \u00a0 \u00a0 \u00a0 \u00a0 \u00a0 \u00a0 \u00a0 \u00a0 \u00a0 \u00a0 \u00a0Regi\u00f3n Platense<\/em><\/p>\n<p><a href=\"http:\/\/obispadodezaratecampana.org\/wp-content\/uploads\/2014\/06\/jime.jpg\"><img fetchpriority=\"high\" decoding=\"async\" class=\"aligncenter size-medium wp-image-5941\" src=\"http:\/\/obispadodezaratecampana.org\/wp-content\/uploads\/2014\/06\/jime-225x300.jpg\" alt=\"jime\" width=\"225\" height=\"300\" srcset=\"https:\/\/obispadodezaratecampana.org\/wp-content\/uploads\/2014\/06\/jime-225x300.jpg 225w, https:\/\/obispadodezaratecampana.org\/wp-content\/uploads\/2014\/06\/jime.jpg 600w\" sizes=\"(max-width: 225px) 100vw, 225px\" \/><\/a><\/p>\n<!-- AddThis Advanced Settings generic via filter on the_content --><!-- AddThis Share Buttons generic via filter on the_content -->","protected":false},"excerpt":{"rendered":"<p>Queridos comunicadores: Los saludamos y felicitamos a ustedes en el d\u00eda del Periodista. Dios les conceda especialmente en este fin de semana de Pentecost\u00e9s el [&hellip;]<!-- AddThis Advanced Settings generic via filter on get_the_excerpt --><!-- AddThis Share Buttons generic via filter on get_the_excerpt --><\/p>\n","protected":false},"author":2,"featured_media":5940,"comment_status":"open","ping_status":"open","sticky":false,"template":"","format":"standard","meta":{"footnotes":""},"categories":[5],"tags":[],"class_list":["post-5939","post","type-post","status-publish","format-standard","has-post-thumbnail","hentry","category-generales"],"_links":{"self":[{"href":"https:\/\/obispadodezaratecampana.org\/index.php?rest_route=\/wp\/v2\/posts\/5939","targetHints":{"allow":["GET"]}}],"collection":[{"href":"https:\/\/obispadodezaratecampana.org\/index.php?rest_route=\/wp\/v2\/posts"}],"about":[{"href":"https:\/\/obispadodezaratecampana.org\/index.php?rest_route=\/wp\/v2\/types\/post"}],"author":[{"embeddable":true,"href":"https:\/\/obispadodezaratecampana.org\/index.php?rest_route=\/wp\/v2\/users\/2"}],"replies":[{"embeddable":true,"href":"https:\/\/obispadodezaratecampana.org\/index.php?rest_route=%2Fwp%2Fv2%2Fcomments&post=5939"}],"version-history":[{"count":1,"href":"https:\/\/obispadodezaratecampana.org\/index.php?rest_route=\/wp\/v2\/posts\/5939\/revisions"}],"predecessor-version":[{"id":5942,"href":"https:\/\/obispadodezaratecampana.org\/index.php?rest_route=\/wp\/v2\/posts\/5939\/revisions\/5942"}],"wp:featuredmedia":[{"embeddable":true,"href":"https:\/\/obispadodezaratecampana.org\/index.php?rest_route=\/wp\/v2\/media\/5940"}],"wp:attachment":[{"href":"https:\/\/obispadodezaratecampana.org\/index.php?rest_route=%2Fwp%2Fv2%2Fmedia&parent=5939"}],"wp:term":[{"taxonomy":"category","embeddable":true,"href":"https:\/\/obispadodezaratecampana.org\/index.php?rest_route=%2Fwp%2Fv2%2Fcategories&post=5939"},{"taxonomy":"post_tag","embeddable":true,"href":"https:\/\/obispadodezaratecampana.org\/index.php?rest_route=%2Fwp%2Fv2%2Ftags&post=5939"}],"curies":[{"name":"wp","href":"https:\/\/api.w.org\/{rel}","templated":true}]}}