{"id":5935,"date":"2014-06-06T16:35:40","date_gmt":"2014-06-06T19:35:40","guid":{"rendered":"http:\/\/obispadodezaratecampana.org\/?p=5935"},"modified":"2014-06-06T16:38:23","modified_gmt":"2014-06-06T19:38:23","slug":"fm-santa-maria-91-3-fue-reconocida-por-la-honorable-camara-de-diputados-de-la-nacion","status":"publish","type":"post","link":"https:\/\/obispadodezaratecampana.org\/?p=5935","title":{"rendered":"FM Santa Mar\u00eda 91.3 fue reconocida por la Honorable C\u00e1mara de Diputados de la Naci\u00f3n"},"content":{"rendered":"<p>En un acto realizado en el Sal\u00f3n Auditorio de la Honorable C\u00e1mara de Diputados de la Naci\u00f3n en el marco del d\u00eda del periodista la emisora FM Santa Mar\u00eda 91.3 de nuestra ciudad fue reconocida por su labor diaria ejercida con transparencia y libertad.<\/p>\n<p>Los Diputados de la Naci\u00f3n entregaron distinciones y reconocimientos a\u00a0Medios de Comunicaci\u00f3n Independientes\u00a0de la Rep\u00fablica Argentina que fueron seleccionados por profesionales, periodistas, diputados y personas de distintas ONGs.<\/p>\n<div id='gallery-1' class='gallery galleryid-5935 gallery-columns-3 gallery-size-thumbnail'><figure class='gallery-item'>\n\t\t\t<div class='gallery-icon portrait'>\n\t\t\t\t<a href='https:\/\/obispadodezaratecampana.org\/?attachment_id=5936'><img decoding=\"async\" width=\"150\" height=\"150\" src=\"https:\/\/obispadodezaratecampana.org\/wp-content\/uploads\/2014\/06\/DSCN6782-Copiar-150x150.jpg\" class=\"attachment-thumbnail size-thumbnail\" alt=\"\" \/><\/a>\n\t\t\t<\/div><\/figure><figure class='gallery-item'>\n\t\t\t<div class='gallery-icon landscape'>\n\t\t\t\t<a href='https:\/\/obispadodezaratecampana.org\/?attachment_id=5937'><img decoding=\"async\" width=\"150\" height=\"150\" src=\"https:\/\/obispadodezaratecampana.org\/wp-content\/uploads\/2014\/06\/P1110153-150x150.jpg\" class=\"attachment-thumbnail size-thumbnail\" alt=\"\" \/><\/a>\n\t\t\t<\/div><\/figure>\n\t\t<\/div>\n\n<p>El director de la radio, Gast\u00f3n Molina, tras recibir el diploma que lleva la firma del diputado Juli\u00e1n Dom\u00ednguez, presidente de la HCD y del diputado Alfredo Asseff; sostuvo que \u201cesta distinci\u00f3n es fruto del trabajo en equipo que realizamos todos los d\u00edas con compromiso y respeto\u201d. Adem\u00e1s afirm\u00f3 que &#8220;nada de lo que la radio pueda realizar tiene sentido sin alguien que la escuche\u201d por eso es que \u201clos oyentes ocupan un lugar importante en nuestros logros y en nuestro crecimiento\u201d.<\/p>\n<p>FM Santa Mar\u00eda es hoy un referente de los medios de comunicaci\u00f3n de la zona y por eso la labor que la radio desarrolla es \u201cun desaf\u00edo grande y apasionante que requiere energ\u00edas renovadas\u201d tal como lo expres\u00f3 el Papa Francisco en la Jornada Mundial de las Comunicaciones Sociales; y sin lugar a dudas es el concepto que gu\u00eda a FM Santa Mar\u00eda en el desarrollo de su tarea de comunicar.<\/p>\n<!-- AddThis Advanced Settings generic via filter on the_content --><!-- AddThis Share Buttons generic via filter on the_content -->","protected":false},"excerpt":{"rendered":"<p>En un acto realizado en el Sal\u00f3n Auditorio de la Honorable C\u00e1mara de Diputados de la Naci\u00f3n en el marco del d\u00eda del periodista la [&hellip;]<!-- AddThis Advanced Settings generic via filter on get_the_excerpt --><!-- AddThis Share Buttons generic via filter on get_the_excerpt --><\/p>\n","protected":false},"author":1,"featured_media":5936,"comment_status":"open","ping_status":"open","sticky":false,"template":"","format":"standard","meta":{"footnotes":""},"categories":[5],"tags":[],"class_list":["post-5935","post","type-post","status-publish","format-standard","has-post-thumbnail","hentry","category-generales"],"_links":{"self":[{"href":"https:\/\/obispadodezaratecampana.org\/index.php?rest_route=\/wp\/v2\/posts\/5935","targetHints":{"allow":["GET"]}}],"collection":[{"href":"https:\/\/obispadodezaratecampana.org\/index.php?rest_route=\/wp\/v2\/posts"}],"about":[{"href":"https:\/\/obispadodezaratecampana.org\/index.php?rest_route=\/wp\/v2\/types\/post"}],"author":[{"embeddable":true,"href":"https:\/\/obispadodezaratecampana.org\/index.php?rest_route=\/wp\/v2\/users\/1"}],"replies":[{"embeddable":true,"href":"https:\/\/obispadodezaratecampana.org\/index.php?rest_route=%2Fwp%2Fv2%2Fcomments&post=5935"}],"version-history":[{"count":1,"href":"https:\/\/obispadodezaratecampana.org\/index.php?rest_route=\/wp\/v2\/posts\/5935\/revisions"}],"predecessor-version":[{"id":5938,"href":"https:\/\/obispadodezaratecampana.org\/index.php?rest_route=\/wp\/v2\/posts\/5935\/revisions\/5938"}],"wp:featuredmedia":[{"embeddable":true,"href":"https:\/\/obispadodezaratecampana.org\/index.php?rest_route=\/wp\/v2\/media\/5936"}],"wp:attachment":[{"href":"https:\/\/obispadodezaratecampana.org\/index.php?rest_route=%2Fwp%2Fv2%2Fmedia&parent=5935"}],"wp:term":[{"taxonomy":"category","embeddable":true,"href":"https:\/\/obispadodezaratecampana.org\/index.php?rest_route=%2Fwp%2Fv2%2Fcategories&post=5935"},{"taxonomy":"post_tag","embeddable":true,"href":"https:\/\/obispadodezaratecampana.org\/index.php?rest_route=%2Fwp%2Fv2%2Ftags&post=5935"}],"curies":[{"name":"wp","href":"https:\/\/api.w.org\/{rel}","templated":true}]}}