{"id":5882,"date":"2014-05-29T21:26:16","date_gmt":"2014-05-30T00:26:16","guid":{"rendered":"http:\/\/obispadodezaratecampana.org\/?p=5882"},"modified":"2014-05-29T21:26:16","modified_gmt":"2014-05-30T00:26:16","slug":"celebraciones-en-honor-a-san-anibal-maria-di-francia","status":"publish","type":"post","link":"https:\/\/obispadodezaratecampana.org\/?p=5882","title":{"rendered":"Celebraciones en honor a San Anibal Mar\u00eda Di Francia"},"content":{"rendered":"<p><a href=\"http:\/\/obispadodezaratecampana.org\/wp-content\/uploads\/2014\/05\/anibal2.jpg\"><img fetchpriority=\"high\" decoding=\"async\" class=\"aligncenter size-medium wp-image-5883\" src=\"http:\/\/obispadodezaratecampana.org\/wp-content\/uploads\/2014\/05\/anibal2-300x211.jpg\" alt=\"anibal\" width=\"300\" height=\"211\" srcset=\"https:\/\/obispadodezaratecampana.org\/wp-content\/uploads\/2014\/05\/anibal2-300x211.jpg 300w, https:\/\/obispadodezaratecampana.org\/wp-content\/uploads\/2014\/05\/anibal2.jpg 842w\" sizes=\"(max-width: 300px) 100vw, 300px\" \/><\/a><\/p>\n<p>Les compartimos ademas esta invitaci\u00f3n de la comunidad de Familias Rogacionistas, donde invitan a la Santa Misa que ser\u00e1 presidida por el Obispo el domingo 1 de junio:<\/p>\n<p><em>SAN AN\u00cdBAL MAR\u00cdA DI FRANCIA<\/em><br \/>\n<em>5 de julio de 1851 &#8211; 1\u00ba de junio de 1927<\/em><br \/>\n<em>\u201c\u00a1RUEGUEN AL DUE\u00d1O DE LA MIES, PARA QUE ENV\u00cdE OBREROS A SU MIES&#8221; <\/em><br \/>\n<em>Queridas Amigos:<\/em><br \/>\n<em>El 1\u00b0 de junio celebramos la fiesta de nuestro Santo, el Padre An\u00edbal Mar\u00eda Di Francia. El Se\u00f1or nos llama a compartir su Mesa y a encontrarnos como comunidad bajo la mirada de nuestro Padre fundador.<\/em><br \/>\n<em>Los invitamos a participar de la procesi\u00f3n y Misa que sera presidida por nuestro Obispo Oscar Sarlinga el pr\u00f3ximo domingo 1\u00b0de junio partiendo desde el colegio a las 11:00 hs hacia la parroquia donde compartiremos la eucarist\u00eda.<\/em><br \/>\n<em>Los esperamos!!!!!!<\/em><br \/>\n<em>ENV\u00cdA, SE\u00d1OR, AP\u00d3STOLES SANTOS A TU IGLESIA<\/em><\/p>\n<p>El facebook de la parroquia del Carmen de Campana es:<\/p>\n<p><a title=\"carmen\" href=\"https:\/\/www.facebook.com\/pages\/Parroquia-Nuestra-Se%C3%B1ora-del-Carmen-Campana\/196113643854479?fref=ts\">\u00a0https:\/\/www.facebook.com\/pages\/Parroquia-Nuestra-Se%C3%B1ora-del-Carmen-Campana\/196113643854479?fref=ts<\/a><\/p>\n<p>La cuenta de facebook de :<\/p>\n<p><a title=\"rog\" href=\"https:\/\/www.facebook.com\/familiasrog.argentina?fref=ts\">https:\/\/www.facebook.com\/familiasrog.argentina?fref=ts<\/a><\/p>\n<!-- AddThis Advanced Settings generic via filter on the_content --><!-- AddThis Share Buttons generic via filter on the_content -->","protected":false},"excerpt":{"rendered":"<p>Les compartimos ademas esta invitaci\u00f3n de la comunidad de Familias Rogacionistas, donde invitan a la Santa Misa que ser\u00e1 presidida por el Obispo el domingo [&hellip;]<!-- AddThis Advanced Settings generic via filter on get_the_excerpt --><!-- AddThis Share Buttons generic via filter on get_the_excerpt --><\/p>\n","protected":false},"author":2,"featured_media":5883,"comment_status":"open","ping_status":"open","sticky":false,"template":"","format":"standard","meta":{"footnotes":""},"categories":[4],"tags":[],"class_list":["post-5882","post","type-post","status-publish","format-standard","has-post-thumbnail","hentry","category-movimientosinstituciones"],"_links":{"self":[{"href":"https:\/\/obispadodezaratecampana.org\/index.php?rest_route=\/wp\/v2\/posts\/5882","targetHints":{"allow":["GET"]}}],"collection":[{"href":"https:\/\/obispadodezaratecampana.org\/index.php?rest_route=\/wp\/v2\/posts"}],"about":[{"href":"https:\/\/obispadodezaratecampana.org\/index.php?rest_route=\/wp\/v2\/types\/post"}],"author":[{"embeddable":true,"href":"https:\/\/obispadodezaratecampana.org\/index.php?rest_route=\/wp\/v2\/users\/2"}],"replies":[{"embeddable":true,"href":"https:\/\/obispadodezaratecampana.org\/index.php?rest_route=%2Fwp%2Fv2%2Fcomments&post=5882"}],"version-history":[{"count":1,"href":"https:\/\/obispadodezaratecampana.org\/index.php?rest_route=\/wp\/v2\/posts\/5882\/revisions"}],"predecessor-version":[{"id":5884,"href":"https:\/\/obispadodezaratecampana.org\/index.php?rest_route=\/wp\/v2\/posts\/5882\/revisions\/5884"}],"wp:featuredmedia":[{"embeddable":true,"href":"https:\/\/obispadodezaratecampana.org\/index.php?rest_route=\/wp\/v2\/media\/5883"}],"wp:attachment":[{"href":"https:\/\/obispadodezaratecampana.org\/index.php?rest_route=%2Fwp%2Fv2%2Fmedia&parent=5882"}],"wp:term":[{"taxonomy":"category","embeddable":true,"href":"https:\/\/obispadodezaratecampana.org\/index.php?rest_route=%2Fwp%2Fv2%2Fcategories&post=5882"},{"taxonomy":"post_tag","embeddable":true,"href":"https:\/\/obispadodezaratecampana.org\/index.php?rest_route=%2Fwp%2Fv2%2Ftags&post=5882"}],"curies":[{"name":"wp","href":"https:\/\/api.w.org\/{rel}","templated":true}]}}