{"id":5790,"date":"2014-05-24T20:26:34","date_gmt":"2014-05-24T23:26:34","guid":{"rendered":"http:\/\/obispadodezaratecampana.org\/?p=5790"},"modified":"2014-05-24T20:26:34","modified_gmt":"2014-05-24T23:26:34","slug":"locro-en-capilla-sagrado-corazon-de-jesus","status":"publish","type":"post","link":"https:\/\/obispadodezaratecampana.org\/?p=5790","title":{"rendered":"Locro en Capilla Sagrado Coraz\u00f3n de Jesus"},"content":{"rendered":"<p>Les compartimos esta publicaci\u00f3n de la parroquia Santa Teresa de Jesus, Gar\u00edn (Escobar). Les dejamos el link de su perfil de facebook:\u00a0<a title=\"teresa\" href=\"https:\/\/www.facebook.com\/parroquia.santateresadejesus.14?fref=ts\">https:\/\/www.facebook.com\/parroquia.santateresadejesus.14?fref=ts<\/a><\/p>\n<p>GRAN LOCRO DEL 25 DE MAYO!!!!EN CAPILLA SAGRADO CORAZ\u00d3N DE JES\u00daS Y VIRGEN DEL VALLE!!!LOS ESPERAMOS EN CALLE PRINGLES Y URQUIZA&#8212;TENDREMOS D.M FERIA DE ROPA Y ART, PARA EL HOGAR- CALZADOS ! TODO ECON\u00d3MICO!!LO RECAUDADO ES INTEGRAMENTE PARA SEGUIR LOS TRABAJOS EN LA CAPILLA!!DIOS LOS BENDIGA!!LES PEDIMOS ORACI\u00d3N POR \u00c9STE TRABAJO QUE REALIZAREMOS, Y OBRECEREMOS DE MANOS DE MAR\u00cdA, NUESTRA MADRE!- CATEQUISTAS Y TODA LA PASTORAL!!BENDICIONES A TODOS!!!<\/p>\n<p>En la foto adjunta vemos a las se\u00f1oras que estar\u00e1n colaborando en la cocina con la preparaci\u00f3n del locro:<\/p>\n<p><a href=\"http:\/\/obispadodezaratecampana.org\/wp-content\/uploads\/2014\/05\/mujeres1.jpg\"><img fetchpriority=\"high\" decoding=\"async\" class=\"aligncenter size-medium wp-image-5792\" src=\"http:\/\/obispadodezaratecampana.org\/wp-content\/uploads\/2014\/05\/mujeres1-300x168.jpg\" alt=\"mujeres\" width=\"300\" height=\"168\" srcset=\"https:\/\/obispadodezaratecampana.org\/wp-content\/uploads\/2014\/05\/mujeres1-300x168.jpg 300w, https:\/\/obispadodezaratecampana.org\/wp-content\/uploads\/2014\/05\/mujeres1-1024x576.jpg 1024w, https:\/\/obispadodezaratecampana.org\/wp-content\/uploads\/2014\/05\/mujeres1.jpg 1920w\" sizes=\"(max-width: 300px) 100vw, 300px\" \/><\/a><\/p>\n<!-- AddThis Advanced Settings generic via filter on the_content --><!-- AddThis Share Buttons generic via filter on the_content -->","protected":false},"excerpt":{"rendered":"<p>Les compartimos esta publicaci\u00f3n de la parroquia Santa Teresa de Jesus, Gar\u00edn (Escobar). Les dejamos el link de su perfil de facebook:\u00a0https:\/\/www.facebook.com\/parroquia.santateresadejesus.14?fref=ts GRAN LOCRO DEL [&hellip;]<!-- AddThis Advanced Settings generic via filter on get_the_excerpt --><!-- AddThis Share Buttons generic via filter on get_the_excerpt --><\/p>\n","protected":false},"author":2,"featured_media":5791,"comment_status":"open","ping_status":"open","sticky":false,"template":"","format":"standard","meta":{"footnotes":""},"categories":[3],"tags":[],"class_list":["post-5790","post","type-post","status-publish","format-standard","has-post-thumbnail","hentry","category-noticiasparroquiales"],"_links":{"self":[{"href":"https:\/\/obispadodezaratecampana.org\/index.php?rest_route=\/wp\/v2\/posts\/5790","targetHints":{"allow":["GET"]}}],"collection":[{"href":"https:\/\/obispadodezaratecampana.org\/index.php?rest_route=\/wp\/v2\/posts"}],"about":[{"href":"https:\/\/obispadodezaratecampana.org\/index.php?rest_route=\/wp\/v2\/types\/post"}],"author":[{"embeddable":true,"href":"https:\/\/obispadodezaratecampana.org\/index.php?rest_route=\/wp\/v2\/users\/2"}],"replies":[{"embeddable":true,"href":"https:\/\/obispadodezaratecampana.org\/index.php?rest_route=%2Fwp%2Fv2%2Fcomments&post=5790"}],"version-history":[{"count":1,"href":"https:\/\/obispadodezaratecampana.org\/index.php?rest_route=\/wp\/v2\/posts\/5790\/revisions"}],"predecessor-version":[{"id":5793,"href":"https:\/\/obispadodezaratecampana.org\/index.php?rest_route=\/wp\/v2\/posts\/5790\/revisions\/5793"}],"wp:featuredmedia":[{"embeddable":true,"href":"https:\/\/obispadodezaratecampana.org\/index.php?rest_route=\/wp\/v2\/media\/5791"}],"wp:attachment":[{"href":"https:\/\/obispadodezaratecampana.org\/index.php?rest_route=%2Fwp%2Fv2%2Fmedia&parent=5790"}],"wp:term":[{"taxonomy":"category","embeddable":true,"href":"https:\/\/obispadodezaratecampana.org\/index.php?rest_route=%2Fwp%2Fv2%2Fcategories&post=5790"},{"taxonomy":"post_tag","embeddable":true,"href":"https:\/\/obispadodezaratecampana.org\/index.php?rest_route=%2Fwp%2Fv2%2Ftags&post=5790"}],"curies":[{"name":"wp","href":"https:\/\/api.w.org\/{rel}","templated":true}]}}