{"id":5783,"date":"2014-05-24T20:09:14","date_gmt":"2014-05-24T23:09:14","guid":{"rendered":"http:\/\/obispadodezaratecampana.org\/?p=5783"},"modified":"2014-05-24T20:09:14","modified_gmt":"2014-05-24T23:09:14","slug":"parroquia-ntra-sra-de-lujan-campana","status":"publish","type":"post","link":"https:\/\/obispadodezaratecampana.org\/?p=5783","title":{"rendered":"Parroquia Ntra. Sra. de Luj\u00e1n &#8211; Campana"},"content":{"rendered":"<p>Les compartimos esta publicaci\u00f3n del d\u00eda 24 de mayo, de la parroquia Ntra. Sra. de Luj\u00e1n de Campana, donde da cuenta de lo acontecido en una reuni\u00f3n con los padres de Catequesis de chicos que se est\u00e1 preparando para recibir los sacramentos de la Comuni\u00f3n y Confirmaci\u00f3n:<\/p>\n<p><em>En esta reuni\u00f3n se convoc\u00f3 a los padres de los ni\u00f1os que cursan 1\u00b0 y 2\u00b0 de Comuni\u00f3n y 1\u00b0 y 2\u00b0 de Confirmaci\u00f3n. En ella el p\u00e1rroco, el padre Agustin Villa resalt\u00f3 a los padres, la importancia del acompa\u00f1amiento de la familia a los hijos, durante su crecimiento y desarrollo en la vida de la Fe cristiana. Tambi\u00e9n present\u00f3 a los matrimonios catequistas que acompa\u00f1ar\u00e1n a los padres en este acercamiento a Jes\u00fas, desde la familia, ellos son el matrimonio Sergio y Laura Pandiani y el matrimonio Daniel y Ma. del Rosario Odiard. <\/em><br \/>\n<em>Durante la reuni\u00f3n, se ampli\u00f3 el tema &#8220;La importancia del acompa\u00f1amiento de las familias&#8221;, de parte de Sergio, Laura y Daniel. Por qu\u00e9 es necesario el testimonio de los padres en los hijos, qu\u00e9 efectos tiene en ellos y c\u00f3mo hacerlo, por medio de ejemplos sencillos pero que ser\u00e1n imborrables, alentadores y sobre todo, v\u00eda para una aut\u00e9ntica vida felizmente cristiana.<\/em><br \/>\n<em>Luego, la catequista Rossana Romero estuvo al frente de la reuni\u00f3n, para informar a los padres sobre la modalidad de los encuentros de catequesis.<\/em><br \/>\n<em>Y en esta oportunidad, tambi\u00e9n se hizo presente parte del equipo de c\u00e1ritas parroquial, para transmitir a las familias los detalles de la pr\u00f3xima colecta anual de C\u00e1ritas Argentina, el 7 y 8 de junio. <\/em><br \/>\n<em>Que el Se\u00f1or conceda a todas familias de catequesis un muy feliz encuentro en su Sagrada Presencia.<\/em><\/p>\n<p>Cuenta de facebook de la parroquia:<\/p>\n<p><a title=\"lujan \" href=\"https:\/\/www.facebook.com\/lujanpedroypablo?fref=ts\">https:\/\/www.facebook.com\/lujanpedroypablo?fref=ts<\/a><\/p>\n<div id='gallery-1' class='gallery galleryid-5783 gallery-columns-3 gallery-size-thumbnail'><figure class='gallery-item'>\n\t\t\t<div class='gallery-icon landscape'>\n\t\t\t\t<a href='https:\/\/obispadodezaratecampana.org\/?attachment_id=5785'><img decoding=\"async\" width=\"150\" height=\"150\" src=\"https:\/\/obispadodezaratecampana.org\/wp-content\/uploads\/2014\/05\/lujan3-150x150.jpg\" class=\"attachment-thumbnail size-thumbnail\" alt=\"\" \/><\/a>\n\t\t\t<\/div><\/figure><figure class='gallery-item'>\n\t\t\t<div class='gallery-icon landscape'>\n\t\t\t\t<a href='https:\/\/obispadodezaratecampana.org\/?attachment_id=5786'><img decoding=\"async\" width=\"150\" height=\"150\" src=\"https:\/\/obispadodezaratecampana.org\/wp-content\/uploads\/2014\/05\/lujen-150x150.jpg\" class=\"attachment-thumbnail size-thumbnail\" alt=\"\" \/><\/a>\n\t\t\t<\/div><\/figure><figure class='gallery-item'>\n\t\t\t<div class='gallery-icon landscape'>\n\t\t\t\t<a href='https:\/\/obispadodezaratecampana.org\/?attachment_id=5787'><img decoding=\"async\" width=\"150\" height=\"150\" src=\"https:\/\/obispadodezaratecampana.org\/wp-content\/uploads\/2014\/05\/lujin1-150x150.jpg\" class=\"attachment-thumbnail size-thumbnail\" alt=\"\" \/><\/a>\n\t\t\t<\/div><\/figure><figure class='gallery-item'>\n\t\t\t<div class='gallery-icon landscape'>\n\t\t\t\t<a href='https:\/\/obispadodezaratecampana.org\/?attachment_id=5788'><img loading=\"lazy\" decoding=\"async\" width=\"150\" height=\"150\" src=\"https:\/\/obispadodezaratecampana.org\/wp-content\/uploads\/2014\/05\/lujon-150x150.jpg\" class=\"attachment-thumbnail size-thumbnail\" alt=\"\" \/><\/a>\n\t\t\t<\/div><\/figure>\n\t\t<\/div>\n\n<!-- AddThis Advanced Settings generic via filter on the_content --><!-- AddThis Share Buttons generic via filter on the_content -->","protected":false},"excerpt":{"rendered":"<p>Les compartimos esta publicaci\u00f3n del d\u00eda 24 de mayo, de la parroquia Ntra. Sra. de Luj\u00e1n de Campana, donde da cuenta de lo acontecido en [&hellip;]<!-- AddThis Advanced Settings generic via filter on get_the_excerpt --><!-- AddThis Share Buttons generic via filter on get_the_excerpt --><\/p>\n","protected":false},"author":2,"featured_media":5784,"comment_status":"open","ping_status":"open","sticky":false,"template":"","format":"standard","meta":{"footnotes":""},"categories":[3],"tags":[],"class_list":["post-5783","post","type-post","status-publish","format-standard","has-post-thumbnail","hentry","category-noticiasparroquiales"],"_links":{"self":[{"href":"https:\/\/obispadodezaratecampana.org\/index.php?rest_route=\/wp\/v2\/posts\/5783","targetHints":{"allow":["GET"]}}],"collection":[{"href":"https:\/\/obispadodezaratecampana.org\/index.php?rest_route=\/wp\/v2\/posts"}],"about":[{"href":"https:\/\/obispadodezaratecampana.org\/index.php?rest_route=\/wp\/v2\/types\/post"}],"author":[{"embeddable":true,"href":"https:\/\/obispadodezaratecampana.org\/index.php?rest_route=\/wp\/v2\/users\/2"}],"replies":[{"embeddable":true,"href":"https:\/\/obispadodezaratecampana.org\/index.php?rest_route=%2Fwp%2Fv2%2Fcomments&post=5783"}],"version-history":[{"count":1,"href":"https:\/\/obispadodezaratecampana.org\/index.php?rest_route=\/wp\/v2\/posts\/5783\/revisions"}],"predecessor-version":[{"id":5789,"href":"https:\/\/obispadodezaratecampana.org\/index.php?rest_route=\/wp\/v2\/posts\/5783\/revisions\/5789"}],"wp:featuredmedia":[{"embeddable":true,"href":"https:\/\/obispadodezaratecampana.org\/index.php?rest_route=\/wp\/v2\/media\/5784"}],"wp:attachment":[{"href":"https:\/\/obispadodezaratecampana.org\/index.php?rest_route=%2Fwp%2Fv2%2Fmedia&parent=5783"}],"wp:term":[{"taxonomy":"category","embeddable":true,"href":"https:\/\/obispadodezaratecampana.org\/index.php?rest_route=%2Fwp%2Fv2%2Fcategories&post=5783"},{"taxonomy":"post_tag","embeddable":true,"href":"https:\/\/obispadodezaratecampana.org\/index.php?rest_route=%2Fwp%2Fv2%2Ftags&post=5783"}],"curies":[{"name":"wp","href":"https:\/\/api.w.org\/{rel}","templated":true}]}}