{"id":5773,"date":"2014-05-24T19:12:37","date_gmt":"2014-05-24T22:12:37","guid":{"rendered":"http:\/\/obispadodezaratecampana.org\/?p=5773"},"modified":"2014-05-24T19:14:28","modified_gmt":"2014-05-24T22:14:28","slug":"locro-solidario-en-pilar","status":"publish","type":"post","link":"https:\/\/obispadodezaratecampana.org\/?p=5773","title":{"rendered":"C\u00e1ritas: Locro solidario en Pilar"},"content":{"rendered":"<p>Este 25 de Mayo, en Pilar, un grupo de colaboradores de C\u00e1ritas volver\u00e1n a repetir la experiencia de 2013, en donde encontraron una forma de mantener vivas nuestras tradiciones ayudando a su vez a quienes m\u00e1s lo necesitan.<\/p>\n<p>Se trata del grupo de C\u00e1ritas de la Parroquia San Manuel M\u00e1rtir en La Lonja, quienes invitan a todos los vecinos y la comunidad de la zona a conservar las tradiciones comprando su riqu\u00edsimo \u201cLocro solidario\u201d. De esta forma, quienes participen de esta propuesta estar\u00e1n ayudando a personas con necesidades insatisfechas relacionadas con la salud, la alimentaci\u00f3n, la vestimenta, problem\u00e1ticas familiares, entre otras.<\/p>\n<p>Tambi\u00e9n, este a\u00f1o han incorporado el \u201cLocro Vegetariano\u201d para encantar el paladar de quienes prefieren este tipo de propuestas gastron\u00f3micas.<\/p>\n<p>Es importante destacar que este locro tambi\u00e9n es apto para cel\u00edacos.<\/p>\n<p>Si muchas veces has pensado en ayudar, y no sabes c\u00f3mo o d\u00f3nde hacerlo, \u00a1esta es una muy buena oportunidad!<\/p>\n<p>Fuente:\u00a0<a title=\"locro \" href=\"http:\/\/pilarherald.com.ar\/index.php\/25-de-mayo-una-buena-forma-de-conservar-las-tradiciones-y-ayudar-al-projimo\/\">http:\/\/pilarherald.com.ar\/index.php\/25-de-mayo-una-buena-forma-de-conservar-las-tradiciones-y-ayudar-al-projimo\/<\/a><\/p>\n<p>El enlace de la Parroquia San Manuel Martir en facebook:<\/p>\n<p><a title=\"martir \" href=\"https:\/\/www.facebook.com\/parroquiasanmanuel?fref=ts\">https:\/\/www.facebook.com\/parroquiasanmanuel?fref=ts<\/a><\/p>\n<p>&nbsp;<\/p>\n<p>&nbsp;<\/p>\n<!-- AddThis Advanced Settings generic via filter on the_content --><!-- AddThis Share Buttons generic via filter on the_content -->","protected":false},"excerpt":{"rendered":"<p>Este 25 de Mayo, en Pilar, un grupo de colaboradores de C\u00e1ritas volver\u00e1n a repetir la experiencia de 2013, en donde encontraron una forma de [&hellip;]<!-- AddThis Advanced Settings generic via filter on get_the_excerpt --><!-- AddThis Share Buttons generic via filter on get_the_excerpt --><\/p>\n","protected":false},"author":2,"featured_media":5774,"comment_status":"open","ping_status":"open","sticky":false,"template":"","format":"standard","meta":{"footnotes":""},"categories":[3],"tags":[],"class_list":["post-5773","post","type-post","status-publish","format-standard","has-post-thumbnail","hentry","category-noticiasparroquiales"],"_links":{"self":[{"href":"https:\/\/obispadodezaratecampana.org\/index.php?rest_route=\/wp\/v2\/posts\/5773","targetHints":{"allow":["GET"]}}],"collection":[{"href":"https:\/\/obispadodezaratecampana.org\/index.php?rest_route=\/wp\/v2\/posts"}],"about":[{"href":"https:\/\/obispadodezaratecampana.org\/index.php?rest_route=\/wp\/v2\/types\/post"}],"author":[{"embeddable":true,"href":"https:\/\/obispadodezaratecampana.org\/index.php?rest_route=\/wp\/v2\/users\/2"}],"replies":[{"embeddable":true,"href":"https:\/\/obispadodezaratecampana.org\/index.php?rest_route=%2Fwp%2Fv2%2Fcomments&post=5773"}],"version-history":[{"count":2,"href":"https:\/\/obispadodezaratecampana.org\/index.php?rest_route=\/wp\/v2\/posts\/5773\/revisions"}],"predecessor-version":[{"id":5776,"href":"https:\/\/obispadodezaratecampana.org\/index.php?rest_route=\/wp\/v2\/posts\/5773\/revisions\/5776"}],"wp:featuredmedia":[{"embeddable":true,"href":"https:\/\/obispadodezaratecampana.org\/index.php?rest_route=\/wp\/v2\/media\/5774"}],"wp:attachment":[{"href":"https:\/\/obispadodezaratecampana.org\/index.php?rest_route=%2Fwp%2Fv2%2Fmedia&parent=5773"}],"wp:term":[{"taxonomy":"category","embeddable":true,"href":"https:\/\/obispadodezaratecampana.org\/index.php?rest_route=%2Fwp%2Fv2%2Fcategories&post=5773"},{"taxonomy":"post_tag","embeddable":true,"href":"https:\/\/obispadodezaratecampana.org\/index.php?rest_route=%2Fwp%2Fv2%2Ftags&post=5773"}],"curies":[{"name":"wp","href":"https:\/\/api.w.org\/{rel}","templated":true}]}}