{"id":5765,"date":"2014-05-24T17:52:01","date_gmt":"2014-05-24T20:52:01","guid":{"rendered":"http:\/\/obispadodezaratecampana.org\/?p=5765"},"modified":"2014-05-24T17:52:01","modified_gmt":"2014-05-24T20:52:01","slug":"discurso-en-la-ceremonia-de-bienvenida-a-francisco","status":"publish","type":"post","link":"https:\/\/obispadodezaratecampana.org\/?p=5765","title":{"rendered":"Discurso en la ceremonia de bienvenida a Francisco"},"content":{"rendered":"<p>\u00abCon la esperanza de que esta visita contribuya a incrementar y promover relaciones buenas y cordiales entre Cristianos y Musulmanes\u00bb. En su primer discurso, en Am\u00e1n, en la ceremonia de bienvenida, el Papa Francisco, empez\u00f3 agradeciendo a Dios el poder comenzar su peregrinaci\u00f3n, visitando el Reino Hachemita de Jordania &#8211; siguiendo las huellas de sus predecesores Pablo VI, Juan Pablo II y Benedicto XVI &#8211; y agradeciendo al Rey Abdullah II, por sus cordiales palabras de bienvenida, y por ser conocido como \u00abhombre de paz\u00bb, con el vivo recuerdo del reciente encuentro en el Vaticano.<br \/>\nAbrazando al pueblo de Jordania, \u00abtierra rica en historia y de gran significado religioso para el Juda\u00edsmo, el Cristianismo y el Islam\u00bb, el Papa Bergoglio se\u00f1al\u00f3 que este Pa\u00eds \u00abacoge generosamente a una gran cantidad de refugiados palestinos, iraqu\u00edes y de otras zonas en crisis, en especial de la vecina Siria, destruida por un conflicto que est\u00e1 durando demasiado tiempo\u00bb.<br \/>\nY, alentando el reconocimiento y la ayuda de la comunidad internacional, reiter\u00f3 el compromiso de la Iglesia Cat\u00f3lica, dentro de sus posibilidades, en la asistencia a los refugiados y a los necesitados, sobre todo mediante Caritas Jordania.<br \/>\nJunto con \u00absu dolor, ante las fuertes tensiones en la regi\u00f3n medio-oriental\u00bb, y \u00absu gratitud a las autoridades jordanas\u00bb, anim\u00e1ndolas \u00aba seguir esforz\u00e1ndose por lograr la tan deseada paz duradera en toda la Regi\u00f3n\u00bb, el Obispo de Roma se\u00f1al\u00f3 que \u00abpara esto, es necesario y urgente encontrar una soluci\u00f3n pac\u00edfica a la crisis siria, adem\u00e1s de una justa soluci\u00f3n al conflicto entre israel\u00edes y palestinos\u00bb.<br \/>\nLuego, renov\u00f3 su profundo respeto y consideraci\u00f3n a la comunidad Musulmana, y expres\u00f3 reconocimiento por el liderazgo de Su Majestad el Rey en la promoci\u00f3n del entendimiento de las virtudes proclamadas por el Islam y la serena convivencia entre los fieles de las diversas religiones.<br \/>\nUn saludo lleno de afecto dirigi\u00f3 tambi\u00e9n el Papa a las comunidades cristianas \u2013 ahora num\u00e9ricamente minoritarias &#8211; presentes en el Pa\u00eds desde los tiempos apost\u00f3licos, que contribuyen al bien com\u00fan de la sociedad en la que est\u00e1n plenamente insertadas. Comunidades que pueden profesar con tranquilidad su fe, respetando la libertad religiosa, que es un derecho humano fundamental, con el anhelo firme \u2013 dijo el Obispo de Roma de que \u00absea tenido en gran consideraci\u00f3n en todo Oriente Medio y en el mundo entero\u00bb.<\/p>\n<p><strong>Texto completo del discurso del Papa Francisco\u00a0<\/strong><br \/>\nMajestad,<br \/>\nExcelencias,<br \/>\nQueridos hermanos Obispos,<br \/>\nQueridos amigos:<br \/>\nDoy gracias a Dios por permitirme visitar el Reino Hachemita de Jordania, siguiendo las huellas de mis predecesores Pablo VI, Juan Pablo II y Benedicto XVI, y agradezco a Su Majestad el Rey Abdullah II sus cordiales palabras de bienvenida, con el vivo recuerdo de nuestro reciente encuentro en el Vaticano. Extiendo mi saludo a los miembros de la Familia Real, al Gobierno y al Pueblo de Jordania, tierra rica en historia y de gran significado religioso para el Juda\u00edsmo, el Cristianismo y el Islam.<br \/>\nEste Pa\u00eds acoge generosamente a una gran cantidad de refugiados palestinos, iraqu\u00edes y de otras zonas en crisis, en especial de la vecina Siria, destruida por un conflicto que est\u00e1 durando demasiado tiempo. Majestad, esta acogida merece el reconocimiento y la ayuda de la comunidad internacional. La Iglesia Cat\u00f3lica, dentro de sus posibilidades, quiere comprometerse en la asistencia a los refugiados y a los necesitados, sobre todo mediante Caritas Jordania.<br \/>\nA la vez que constato con dolor que sigue habiendo fuertes tensiones en la regi\u00f3n medio-oriental, agradezco a las Autoridades del Reino todo lo que hacen y les animo a seguir esforz\u00e1ndose por lograr la tan deseada paz duradera en toda la Regi\u00f3n; para esto, es necesario y urgente encontrar una soluci\u00f3n pac\u00edfica a la crisis siria, adem\u00e1s de una justa soluci\u00f3n al conflicto entre israel\u00edes y palestinos.<br \/>\nAprovecho la ocasi\u00f3n para renovar mi profundo respeto y consideraci\u00f3n a la comunidad Musulmana, y expresar mi reconocimiento por el liderazgo que Su Majestad el Rey ha asumido para promover un m\u00e1s adecuada entendimiento de las virtudes proclamadas por el Islam y la serena convivencia entre los fieles de las diversas religiones. \u00a1Usted es conocido como hombre de paz y art\u00edfice de la paz: gracias! Manifiesto mi gratitud a Jordania por haber animado diversas iniciativas importantes a favor del di\u00e1logo interreligioso para la promoci\u00f3n del entendimiento entre jud\u00edos, cristianos y musulmanes, como el \u201cMensaje Interreligioso de Am\u00e1n\u201d, y por haber promovido en el seno de la ONU la celebraci\u00f3n anual de la \u201cSemana de la Armon\u00eda entre las Religiones\u201d.<br \/>\nQuisiera ahora dirigir un saludo lleno de afecto a las comunidades cristianas, cuidadas por este Reino, comunidades, presentes en el Pa\u00eds desde los tiempos apost\u00f3licos, que contribuyen al bien com\u00fan de la sociedad en la que est\u00e1n plenamente insertadas. A pesar de ser hoy num\u00e9ricamente minoritarias, tienen la posibilidad de desarrollar una cualificada y reconocida labor en el campo educativo y sanitario, mediante escuelas y hospitales, y pueden profesar con tranquilidad su fe, respetando la libertad religiosa, que es un derecho humano fundamental y que espero firmemente que sea tenido en gran consideraci\u00f3n en todo Medio Oriente y en el mundo entero. Este derecho \u201cabarca tanto la libertad individual como colectiva de seguir la propia conciencia en materia religiosa como la libertad de culto\u2026 la libertad de elegir la religi\u00f3n que se estima verdadera y de manifestar p\u00fablicamente la propia creencia\u201d (BENEDICTO XVI, Exhort. Ap. Ecclesia in Medio Oriente, 26). Los cristianos se sienten y son ciudadanos de pleno derecho y desean contribuir a la construcci\u00f3n de la sociedad junto a sus conciudadanos musulmanes, con su aportaci\u00f3n espec\u00edfica.<br \/>\nDirijo, finalmente, un deseo especial de paz, de paz y de y prosperidad al Reino de Jordania y a su pueblo, con la esperanza de que esta visita contribuya a incrementar y promover relaciones buenas y cordiales entre Cristianos y Musulmanes. Y que el Se\u00f1or Dios nos defienda a todos de ese miedo al cambio, al cual Su Majestad se ha referido.<br \/>\nLes agradezco su c\u00e1lida acogida y amabilidad. Que Dios omnipotente y misericordioso conceda a Sus Majestades felicidad y larga vida, y colme a Jordania de sus bendiciones. \u00a1Salam!<\/p>\n<!-- AddThis Advanced Settings generic via filter on the_content --><!-- AddThis Share Buttons generic via filter on the_content -->","protected":false},"excerpt":{"rendered":"<p>\u00abCon la esperanza de que esta visita contribuya a incrementar y promover relaciones buenas y cordiales entre Cristianos y Musulmanes\u00bb. En su primer discurso, en [&hellip;]<!-- AddThis Advanced Settings generic via filter on get_the_excerpt --><!-- AddThis Share Buttons generic via filter on get_the_excerpt --><\/p>\n","protected":false},"author":2,"featured_media":5766,"comment_status":"open","ping_status":"open","sticky":false,"template":"","format":"standard","meta":{"footnotes":""},"categories":[161],"tags":[],"class_list":["post-5765","post","type-post","status-publish","format-standard","has-post-thumbnail","hentry","category-el-papa-leonxiv"],"_links":{"self":[{"href":"https:\/\/obispadodezaratecampana.org\/index.php?rest_route=\/wp\/v2\/posts\/5765","targetHints":{"allow":["GET"]}}],"collection":[{"href":"https:\/\/obispadodezaratecampana.org\/index.php?rest_route=\/wp\/v2\/posts"}],"about":[{"href":"https:\/\/obispadodezaratecampana.org\/index.php?rest_route=\/wp\/v2\/types\/post"}],"author":[{"embeddable":true,"href":"https:\/\/obispadodezaratecampana.org\/index.php?rest_route=\/wp\/v2\/users\/2"}],"replies":[{"embeddable":true,"href":"https:\/\/obispadodezaratecampana.org\/index.php?rest_route=%2Fwp%2Fv2%2Fcomments&post=5765"}],"version-history":[{"count":1,"href":"https:\/\/obispadodezaratecampana.org\/index.php?rest_route=\/wp\/v2\/posts\/5765\/revisions"}],"predecessor-version":[{"id":5767,"href":"https:\/\/obispadodezaratecampana.org\/index.php?rest_route=\/wp\/v2\/posts\/5765\/revisions\/5767"}],"wp:featuredmedia":[{"embeddable":true,"href":"https:\/\/obispadodezaratecampana.org\/index.php?rest_route=\/wp\/v2\/media\/5766"}],"wp:attachment":[{"href":"https:\/\/obispadodezaratecampana.org\/index.php?rest_route=%2Fwp%2Fv2%2Fmedia&parent=5765"}],"wp:term":[{"taxonomy":"category","embeddable":true,"href":"https:\/\/obispadodezaratecampana.org\/index.php?rest_route=%2Fwp%2Fv2%2Fcategories&post=5765"},{"taxonomy":"post_tag","embeddable":true,"href":"https:\/\/obispadodezaratecampana.org\/index.php?rest_route=%2Fwp%2Fv2%2Ftags&post=5765"}],"curies":[{"name":"wp","href":"https:\/\/api.w.org\/{rel}","templated":true}]}}