{"id":5762,"date":"2014-05-24T17:10:09","date_gmt":"2014-05-24T20:10:09","guid":{"rendered":"http:\/\/obispadodezaratecampana.org\/?p=5762"},"modified":"2014-05-24T17:10:09","modified_gmt":"2014-05-24T20:10:09","slug":"recemos-como-comunidad-diocesana-por-el-santo-padre","status":"publish","type":"post","link":"https:\/\/obispadodezaratecampana.org\/?p=5762","title":{"rendered":"Recemos como comunidad diocesana por el Santo Padre"},"content":{"rendered":"<p>&nbsp;<\/p>\n<p>&nbsp;<\/p>\n<p>24\/05\/2014 &#8211;<em> &#8220;Queridos amigos, les pido que me acompa\u00f1en con su oraci\u00f3n durante mi peregrinaci\u00f3n a Tierra Santa&#8221;<\/em>. El Papa Francisco pide que lo acompa\u00f1emos con la oraci\u00f3n en su peregrinaci\u00f3n a Tierra Santa , en el tweet del 24\/5. Recemos muy especialmente a la Virgen Mar\u00eda, Auxilio de los cristianos, por las intenciones del Santo Padre.<\/p>\n<p><a href=\"http:\/\/obispadodezaratecampana.org\/wp-content\/uploads\/2014\/05\/maria.jpg\"><img decoding=\"async\" class=\"wp-image-5763 aligncenter\" src=\"http:\/\/obispadodezaratecampana.org\/wp-content\/uploads\/2014\/05\/maria-300x206.jpg\" alt=\"maria\" width=\"190\" height=\"183\" \/><\/a><\/p>\n<p><strong>24 de mayo: Mar\u00eda Auxilio de los Cristianos<\/strong><\/p>\n<p>El primero que llam\u00f3 a la Virgen Mar\u00eda con el t\u00edtulo de &#8220;Auxiliadora&#8221; fue San Juan Cris\u00f3stomo, en Constantinopla en al a\u00f1o 345, el dice: &#8221; T\u00fa, Mar\u00eda, eres auxilio potent\u00edsimo de Dios&#8221;.<\/p>\n<p>San Sabas en el a\u00f1o 532 narra que en oriente hab\u00eda una imagen de la Virgen que era llamada &#8220;Auxiliadora de los enfermos&#8221;, porque junto a ella se obraban muchas curaciones.<\/p>\n<p>San Juan Damasceno en el a\u00f1o 749 fue el primero en propagar la jaculatoria: &#8220;Mar\u00eda Auxiliadora , rogad por nosotros&#8221;. Y repite: la virgen es &#8220;auxiliadora para evitar males y peligros y auxiliadora para conseguir la salvaci\u00f3n&#8221;.<\/p>\n<p>En Ucrania, Rusia, se celebra la fiesta de Mar\u00eda Auxiliadora el 1 de octubre desde el a\u00f1o 1030, en ese a\u00f1o libr\u00f3 a la ciudad de la invasi\u00f3n de una terrible tribu de b\u00e1rbaros paganos.<\/p>\n<p>En el a\u00f1o 1572, el Papa San Pi\u00f3 quinto orden\u00f3 que en todo el mundo cat\u00f3lico se rezara en las letanias la advocaci\u00f3n &#8221; Mar\u00eda Auxiliadora, rogad, por nosotros&#8221;, porque en ese a\u00f1o Nuestra Se\u00f1ora libr\u00f3 prodigiosamente en la batalla de lepanto a toda la cristiandad que ven\u00eda a ser destruida por un ej\u00e9rcito mahometano de 282 barcos y 88.000 soldados.<\/p>\n<p>En el a\u00f1o 1600 los cat\u00f3licos del sur de Alemania hicieron una promesa a la Virgen de honrarla con el t\u00edtulo de auxiliadora si los libraba de la invasi\u00f3n de los protestantes y hac\u00eda que se terminara la terrible guerra de los 30 a\u00f1os. La Madre de Dios les concedi\u00f3 ambos favores y pronto hab\u00eda ya m\u00e1s de 70 capillas con el t\u00edtulo de Mar\u00eda Auxiliadora de los cristianos.<\/p>\n<p>En 1683 los cat\u00f3licos al obtener inmensa victoria en Viena contra los enemigos de la religi\u00f3n, fundaron la asociaci\u00f3n de Mar\u00eda Auxiliadora, la cual existe hoy en m\u00e1s de 60 paises.<\/p>\n<p>En 1814, el Papa P\u00edo VII, prisionero del general Napole\u00f3n, prometi\u00f3 a la Virgen que el d\u00eda que llegara a Roma, en libertad, lo declarar\u00eda fiesta de Mar\u00eda Auxiliadora. Inesperadamente el pont\u00edfice qued\u00f3 libre, y lleg\u00f3 a Roma el 24 de mayo. Desde entonces qued\u00f3 declarado el 24 de mayo como d\u00eda de Mar\u00eda Auxiliadora.<\/p>\n<p>En 1860 la Sant\u00edsima Virgen se aparece a San Juan Bosco y le dice que quiere ser honrada con el t\u00edtulo de &#8220;Auxiliadora&#8221;, y le se\u00f1ala el sitio para que le construya en Tur\u00edn, Italia, un templo.<\/p>\n<p>Empez\u00f3 la obra del templo con sus tres monedas de veinte centavos cada una, pero fueron tantos y tan grande los milagros que Mar\u00eda Auxiliadora empez\u00f3 a obtener a favor de sus devotos, que en s\u00f3lo cuatro a\u00f1os estuvo terminada la Gran Bas\u00edlica. El Santo sol\u00eda decir: &#8221; Cada ladrillo de este templo corresponde a un milagro de la Sant\u00edsima Virgen&#8221;, desde aquel Santuario comienza a extenderse por el mundo la devoci\u00f3n a Mar\u00eda bajo el t\u00edtulo de Auxiliadora de los Cristianos.<\/p>\n<p>El nombre de Auxiliadora se le daba ya en el a\u00f1o 1030 a la Virgen Mar\u00eda, en Ucrania (Rusia), por haber liberado aquella regi\u00f3n de la invasi\u00f3n de las tribus paganas. Desde entonces en Ucrania se celebra cada a\u00f1o la fiesta de Mar\u00eda Auxiliadora el 1ro de octubre.<\/p>\n<p>Se tiene constancia de que hacia el a\u00f1o 1558 ya figuraba en las letan\u00edas que se acostumbraban recitar en el santuario de Loreto Italia.<\/p>\n<p>Esta advocaci\u00f3n se hizo fuerte ante la invasi\u00f3n de los turcos en 1571 donde San P\u00edo V la invoc\u00f3 como Mar\u00eda Auxiliadota de los Cristianos o con los Pr\u00edncipes Cat\u00f3licos de Alemania fieles al catolicismo frente a las tesis protestantes o frente a las invasiones turcas sobre Viena en el siglo XVII o, incluso, como mano protectora frente a los caprichos de Napole\u00f3n Bonaparte que llevo al Papa P\u00edo VII al destierro, y a su liberaci\u00f3n, quiso en 1814 instituir en el 24 de mayo su fiesta lit\u00fargica.<\/p>\n<p>Pero sin duda fue San Juan Bosco, el santo de Mar\u00eda Auxiliadora, con el que esta advocaci\u00f3n mariana encontr\u00f3 el mejor palad\u00edn y trampol\u00edn para el desarrollo y popularidad, &#8220;No he sido yo, ha sido la Virgen Auxiliadora quien te ha salvado&#8221;&#8230; &#8220;Cada ladrillo de esta iglesia &#8211; se refer\u00eda a la gran Bas\u00edlica que en su obsequio empez\u00f3 el 1863 &#8211; es una gracia de la Virgen Mar\u00eda&#8221;&#8230;<\/p>\n<p>Pero ser\u00e1 exactamente en 1862, en plena madurez de Don Bosco, cuando \u00e9ste hace la opci\u00f3n mariana definitiva: Auxiliadora. &#8220;La Virgen quiere que la honremos con el t\u00edtulo de Auxiliadora: los tiempos que corren son tan aciagos que tenemos necesidad de que la Virgen nos ayude a conservar y a defender la fe cristiana&#8221;.<\/p>\n<p>Desde esa fecha el t\u00edtulo de Auxiliadora aparece en la vida de Don Bosco y en su obra como &#8220;central y sintetizador&#8221;. La Auxiliadora es la visi\u00f3n propia que Don Bosco tiene de Mar\u00eda. La lectura evang\u00e9lica que hace de Mar\u00eda, la experiencia de su propia vida y la de sus j\u00f3venes salesianos, y su experiencia eclesial le hacer percibir a Mar\u00eda como &#8220;Auxiliadora del Pueblo de Dios&#8221;.<\/p>\n<p>En 1863 Don Bosco comienza la construcci\u00f3n de la iglesia en Tur\u00edn. Todo su capital era de cuarenta c\u00e9ntimos, y esa fue la primera paga que hizo al constructor. Cinco a\u00f1os m\u00e1s tarde, el 9 de junio de 1868, tuvo lugar la consagraci\u00f3n del templo. Lo que sorprendi\u00f3 a Don Bosco primero y luego al mundo entero fue que Mar\u00eda Auxiliadora se hab\u00eda construido su propia casa, para irradiar desde all\u00ed su patrocinio. Don Bosco llegar\u00e1 a decir: &#8220;No existe un ladrillo que no sea se\u00f1al de alguna gracia&#8221;.<\/p>\n<p>Hoy, salesianos y salesianas, fieles al esp\u00edritu de sus fundadores y a trav\u00e9s de las diversas obras que llevan entre manos siguen proponiendo como ejemplo, amparo y est\u00edmulo en la evangelizaci\u00f3n de los pueblos el auxilio que viene de Santa Mar\u00eda.<\/p>\n<p>&nbsp;<\/p>\n<!-- AddThis Advanced Settings generic via filter on the_content --><!-- AddThis Share Buttons generic via filter on the_content -->","protected":false},"excerpt":{"rendered":"<p>&nbsp; &nbsp; 24\/05\/2014 &#8211; &#8220;Queridos amigos, les pido que me acompa\u00f1en con su oraci\u00f3n durante mi peregrinaci\u00f3n a Tierra Santa&#8221;. El Papa Francisco pide que [&hellip;]<!-- AddThis Advanced Settings generic via filter on get_the_excerpt --><!-- AddThis Share Buttons generic via filter on get_the_excerpt --><\/p>\n","protected":false},"author":2,"featured_media":5763,"comment_status":"open","ping_status":"open","sticky":false,"template":"","format":"standard","meta":{"footnotes":""},"categories":[1],"tags":[],"class_list":["post-5762","post","type-post","status-publish","format-standard","has-post-thumbnail","hentry","category-noticiasdiocesanas"],"_links":{"self":[{"href":"https:\/\/obispadodezaratecampana.org\/index.php?rest_route=\/wp\/v2\/posts\/5762","targetHints":{"allow":["GET"]}}],"collection":[{"href":"https:\/\/obispadodezaratecampana.org\/index.php?rest_route=\/wp\/v2\/posts"}],"about":[{"href":"https:\/\/obispadodezaratecampana.org\/index.php?rest_route=\/wp\/v2\/types\/post"}],"author":[{"embeddable":true,"href":"https:\/\/obispadodezaratecampana.org\/index.php?rest_route=\/wp\/v2\/users\/2"}],"replies":[{"embeddable":true,"href":"https:\/\/obispadodezaratecampana.org\/index.php?rest_route=%2Fwp%2Fv2%2Fcomments&post=5762"}],"version-history":[{"count":1,"href":"https:\/\/obispadodezaratecampana.org\/index.php?rest_route=\/wp\/v2\/posts\/5762\/revisions"}],"predecessor-version":[{"id":5764,"href":"https:\/\/obispadodezaratecampana.org\/index.php?rest_route=\/wp\/v2\/posts\/5762\/revisions\/5764"}],"wp:featuredmedia":[{"embeddable":true,"href":"https:\/\/obispadodezaratecampana.org\/index.php?rest_route=\/wp\/v2\/media\/5763"}],"wp:attachment":[{"href":"https:\/\/obispadodezaratecampana.org\/index.php?rest_route=%2Fwp%2Fv2%2Fmedia&parent=5762"}],"wp:term":[{"taxonomy":"category","embeddable":true,"href":"https:\/\/obispadodezaratecampana.org\/index.php?rest_route=%2Fwp%2Fv2%2Fcategories&post=5762"},{"taxonomy":"post_tag","embeddable":true,"href":"https:\/\/obispadodezaratecampana.org\/index.php?rest_route=%2Fwp%2Fv2%2Ftags&post=5762"}],"curies":[{"name":"wp","href":"https:\/\/api.w.org\/{rel}","templated":true}]}}