{"id":5756,"date":"2014-05-24T16:25:48","date_gmt":"2014-05-24T19:25:48","guid":{"rendered":"http:\/\/obispadodezaratecampana.org\/?p=5756"},"modified":"2014-05-24T16:25:48","modified_gmt":"2014-05-24T19:25:48","slug":"peregrinacion-en-tierra-santa-misa-en-el-estadio-internacional-de-aman","status":"publish","type":"post","link":"https:\/\/obispadodezaratecampana.org\/?p=5756","title":{"rendered":"Peregrinaci\u00f3n en Tierra Santa: Misa en el Estadio internacional de Aman"},"content":{"rendered":"<p>Durante la Santa Misa celebrada en el estadio Internacional de Am\u00e1n &#8211; el s\u00e1bado 24 de mayo- , el Papa ha reflexionado sobre el pasaje del Evangelio en el que se lee la promesa que Jes\u00fas hace a sus disc\u00edpulos para que el Padre les env\u00ede otro Par\u00e1clito que estuviera siempre con ellos. \u201cEl primer Par\u00e1clito es el mismo Jes\u00fas; el \u201cotro\u201d es el Esp\u00edritu Santo\u201d, ha dicho. \u201cJes\u00fas es el enviado, lleno del Esp\u00edritu del Padre. Ungidos por el mismo Esp\u00edritu, tambi\u00e9n nosotros somos enviados como mensajeros y testigos de paz\u201d. El Santo Padre ha dedicado profundas palabras al significado de la paz: \u201cLa paz no se puede comprar, es un don que hemos de buscar con paciencia y construir \u2018artesanalmente\u2019\u201d mediante peque\u00f1os y grandes gestos en nuestra vida cotidiana.<\/p>\n<p><strong>Homil\u00eda completa del Papa<\/strong><\/p>\n<p>Durante la Santa Misa celebrada en el estadio Internacional de Amman, el Papa ha reflexionado sobre el pasaje del Evangelio en el que se lee la promesa que Jes\u00fas hace a sus disc\u00edpulos para que el Padre les env\u00ede otro Par\u00e1clito que estuviera siempre con ellos. \u201cEl primer Par\u00e1clito es el mismo Jes\u00fas; el \u201cotro\u201d es el Esp\u00edritu Santo\u201d, ha dicho. \u201c\u201dJes\u00fas es el enviado, lleno del Esp\u00edritu del Padre. Ungidos por el mismo Esp\u00edritu, tambi\u00e9n nosotros somos enviados como mensajeros y testigos de paz\u201d. El Santo Padre ha dedicado profundas palabras al significado de la paz: \u201cLa paz no se puede comparar, es un don que hemos de buscar con paciencia y construir \u2018artesanalmente\u2019\u201d mediante peque\u00f1os y grandes gestos en nuestra vida cotidiana.<br \/>\nEn el Evangelio hemos escuchado la promesa de Jes\u00fas a sus disc\u00edpulos: \u201cYo le pedir\u00e9 al Padre que les env\u00ede otro Par\u00e1clito, que est\u00e9 siempre con ustedes\u201d (Jn 14,16). El primer Par\u00e1clito es el mismo Jes\u00fas; el \u201cotro\u201d es el Esp\u00edritu Santo.<br \/>\nAqu\u00ed nos encontramos no muy lejos del lugar en el que el Esp\u00edritu Santo descendi\u00f3 con su fuerza sobre Jes\u00fas de Nazaret, despu\u00e9s del bautismo de Juan en el Jord\u00e1n (cf. Mt 3,16). As\u00ed pues, el Evangelio de este domingo, y tambi\u00e9n este lugar, al que, gracias a Dios, he venido en peregrinaci\u00f3n, nos invitan a meditar sobre el Esp\u00edritu Santo, sobre su obra en Cristo y en nosotros, y que podemos resumir de esta forma: el Esp\u00edritu realiza tres acciones: prepara, unge y env\u00eda.<br \/>\nEn el momento del bautismo, el Esp\u00edritu se posa sobre Jes\u00fas para prepararlo a su misi\u00f3n de salvaci\u00f3n, misi\u00f3n caracterizada por el estilo del Siervo manso y humilde, dispuesto a compartir y a entregarse totalmente. Pero el Esp\u00edritu Santo, presente desde el principio de la historia de la salvaci\u00f3n, ya hab\u00eda obrado en Jes\u00fas en el momento de su concepci\u00f3n en el seno virginal de Mar\u00eda de Nazaret, realizando la obra admirable de la Encarnaci\u00f3n: \u201cEl Esp\u00edritu Santo te llenar\u00e1, te cubrir\u00e1 con su sombra \u2013dice el \u00c1ngel a Mar\u00eda- y t\u00fa dar\u00e1s a luz un Hijo y le pondr\u00e1s por nombre Jes\u00fas\u201d (cf. Lc 1,35). Despu\u00e9s, el Esp\u00edritu actu\u00f3 en Sime\u00f3n y Ana el d\u00eda de la presentaci\u00f3n de Jes\u00fas en el Templo (cf. Lc 2,22). Ambos a la espera del Mes\u00edas, ambos inspirados por el Esp\u00edritu Santo, Sime\u00f3n y Ana, al ver al Ni\u00f1o, intuyen que \u00c9l es el Esperado por todo el pueblo. En la actitud prof\u00e9tica de los dos videntes se expresa la alegr\u00eda del encuentro con el Redentor y se realiza en cierto sentido una preparaci\u00f3n del encuentro del Mes\u00edas con el pueblo.<br \/>\nLas diversas intervenciones del Esp\u00edritu Santo forman parte de una acci\u00f3n arm\u00f3nica, de un \u00fanico proyecto divino de amor. La misi\u00f3n del Esp\u00edritu Santo consiste en generar armon\u00eda \u2013\u00c9l mismo es armon\u00eda\u2013 y obrar la paz en situaciones diversas y entre individuos diferentes. La diversidad de personas y de ideas no debe provocar rechazo o crear obst\u00e1culos, porque la variedad es siempre una riqueza. Por tanto, hoy invocamos con coraz\u00f3n ardiente al Esp\u00edritu Santo pidi\u00e9ndole que prepare el camino de la paz y de la unidad.<br \/>\nEn segundo lugar, el Esp\u00edritu Santo unge. Ha ungido interiormente a Jes\u00fas, y unge a los disc\u00edpulos, para que tengan los mismos sentimientos de Jes\u00fas y puedan as\u00ed asumir en su vida las actitudes que favorecen la paz y la comuni\u00f3n. Con la unci\u00f3n del Esp\u00edritu, la santidad de Jesucristo se imprime en nuestra humanidad y nos hace capaces de amar a los hermanos con el mismo amor con que Dios nos ama. Por tanto, es necesario realizar gestos de humildad, de fraternidad, de perd\u00f3n, de reconciliaci\u00f3n. Estos gestos son premisa y condici\u00f3n para una paz aut\u00e9ntica, s\u00f3lida y duradera. Pidamos al Padre que nos unja para que seamos plenamente hijos suyos, cada vez m\u00e1s conformados con Cristo, para sentirnos todos hermanos y as\u00ed alejar de nosotros rencores y divisiones, y amarnos fraternamente. Es lo que nos pide Jes\u00fas en el Evangelio: \u201cSi me aman, guardar\u00e1n mis mandamientos. Yo le pedir\u00e9 al Padre que les d\u00e9 otro Par\u00e1clito, que est\u00e9 siempre con ustedes\u201d (Jn 14,15-16).<br \/>\nY, finalmente, el Esp\u00edritu env\u00eda. Jes\u00fas es el Enviado, lleno del Esp\u00edritu del Padre. Ungidos por el mismo Esp\u00edritu, tambi\u00e9n nosotros somos enviados como mensajeros y testigos de paz. \u00a1Cu\u00e1nta necesidad tiene el mundo de nosotros como mensajeros de paz, como testimonios de paz! Es una necesidad que tiene el mundo. Tambi\u00e9n el mundo pide hacer esto: \u00a1llevar la paz, testimoniar la paz!<br \/>\nLa paz no se puede comprar, no se vende: La paz es un don que hemos de buscar con paciencia y construir \u201cartesanalmente\u201d mediante peque\u00f1os y grandes gestos en nuestra vida cotidiana. El camino de la paz se consolida si reconocemos que todos tenemos la misma sangre y formamos parte del g\u00e9nero humano; si no olvidamos que tenemos un \u00fanico Padre en el cielo y que somos todos sus hijos, hechos a su imagen y semejanza.<br \/>\nCon este esp\u00edritu, abrazo a todos ustedes: al Patriarca, a los hermanos Obispos, a los sacerdotes, a las personas consagradas, a los fieles laicos, as\u00ed como a los ni\u00f1os que hoy reciben la Primera Comuni\u00f3n y a sus familiares. Mi coraz\u00f3n se dirige tambi\u00e9n a los numerosos refugiados cristianos, tambi\u00e9n todos nosotros, con nuestro coraz\u00f3n, dirij\u00e1monos, a los numerosos refugiados cristianos que provienen de Palestina, de Siria y de Iraq: lleven a sus familias y comunidades mi saludo y mi cercan\u00eda.<br \/>\nQueridos amigos, queridos hermanos, el Esp\u00edritu Santo descendi\u00f3 sobre Jes\u00fas en el Jord\u00e1n y dio inicio a su obra de redenci\u00f3n para librar al mundo del pecado y de la muerte. A \u00c9l le pedimos que prepare nuestros corazones al encuentro con los hermanos m\u00e1s all\u00e1 de las diferencias de ideas, lengua, cultura, religi\u00f3n; que unja todo nuestro ser con el aceite de la misericordia que cura las heridas de los errores, de las incomprensiones, de las controversias; que la gracia nos env\u00ede, con humildad y mansedumbre, a los caminos, arriesgados pero fecundos, de la b\u00fasqueda de la paz. Am\u00e9n.<\/p>\n<!-- AddThis Advanced Settings generic via filter on the_content --><!-- AddThis Share Buttons generic via filter on the_content -->","protected":false},"excerpt":{"rendered":"<p>Durante la Santa Misa celebrada en el estadio Internacional de Am\u00e1n &#8211; el s\u00e1bado 24 de mayo- , el Papa ha reflexionado sobre el pasaje [&hellip;]<!-- AddThis Advanced Settings generic via filter on get_the_excerpt --><!-- AddThis Share Buttons generic via filter on get_the_excerpt --><\/p>\n","protected":false},"author":2,"featured_media":5757,"comment_status":"open","ping_status":"open","sticky":false,"template":"","format":"standard","meta":{"footnotes":""},"categories":[161],"tags":[],"class_list":["post-5756","post","type-post","status-publish","format-standard","has-post-thumbnail","hentry","category-el-papa-leonxiv"],"_links":{"self":[{"href":"https:\/\/obispadodezaratecampana.org\/index.php?rest_route=\/wp\/v2\/posts\/5756","targetHints":{"allow":["GET"]}}],"collection":[{"href":"https:\/\/obispadodezaratecampana.org\/index.php?rest_route=\/wp\/v2\/posts"}],"about":[{"href":"https:\/\/obispadodezaratecampana.org\/index.php?rest_route=\/wp\/v2\/types\/post"}],"author":[{"embeddable":true,"href":"https:\/\/obispadodezaratecampana.org\/index.php?rest_route=\/wp\/v2\/users\/2"}],"replies":[{"embeddable":true,"href":"https:\/\/obispadodezaratecampana.org\/index.php?rest_route=%2Fwp%2Fv2%2Fcomments&post=5756"}],"version-history":[{"count":1,"href":"https:\/\/obispadodezaratecampana.org\/index.php?rest_route=\/wp\/v2\/posts\/5756\/revisions"}],"predecessor-version":[{"id":5758,"href":"https:\/\/obispadodezaratecampana.org\/index.php?rest_route=\/wp\/v2\/posts\/5756\/revisions\/5758"}],"wp:featuredmedia":[{"embeddable":true,"href":"https:\/\/obispadodezaratecampana.org\/index.php?rest_route=\/wp\/v2\/media\/5757"}],"wp:attachment":[{"href":"https:\/\/obispadodezaratecampana.org\/index.php?rest_route=%2Fwp%2Fv2%2Fmedia&parent=5756"}],"wp:term":[{"taxonomy":"category","embeddable":true,"href":"https:\/\/obispadodezaratecampana.org\/index.php?rest_route=%2Fwp%2Fv2%2Fcategories&post=5756"},{"taxonomy":"post_tag","embeddable":true,"href":"https:\/\/obispadodezaratecampana.org\/index.php?rest_route=%2Fwp%2Fv2%2Ftags&post=5756"}],"curies":[{"name":"wp","href":"https:\/\/api.w.org\/{rel}","templated":true}]}}