{"id":5752,"date":"2014-05-24T16:04:34","date_gmt":"2014-05-24T19:04:34","guid":{"rendered":"http:\/\/obispadodezaratecampana.org\/?p=5752"},"modified":"2014-05-24T16:04:34","modified_gmt":"2014-05-24T19:04:34","slug":"encuentro-de-delegados-de-comunicacion-social-lujan","status":"publish","type":"post","link":"https:\/\/obispadodezaratecampana.org\/?p=5752","title":{"rendered":"Encuentro de Delegados de Comunicaci\u00f3n Social &#8211; Luj\u00e1n"},"content":{"rendered":"<p>El pr\u00f3ximo fin de semana del 31 de mayo y 1 de junio, habr\u00e1 un encuentro de Delegados de Comunicaci\u00f3n Diocesanos, para la Regi\u00f3n Platense, en la ciudad de Luj\u00e1n.<\/p>\n<p>El lema del mismo ser\u00e1: <em>&#8220;La cultura del encuentro&#8221;.\u00a0<\/em><\/p>\n<p>Las di\u00f3cesis que participar\u00e1n son: Azul, Bah\u00eda Blanca, Chascom\u00fas, La Pampa\/Santa Rosa, La Plata, Mar del Plata, Mercedes-Luj\u00e1n, Z\u00e1rate-Campana (todos los miembros de nuestro equipo de la Delegaci\u00f3n de Comunicaci\u00f3n \u00a0diocesana estar\u00e1n presentes) \u00a0 , 9 de Julio.<\/p>\n<p>&nbsp;<\/p>\n<!-- AddThis Advanced Settings generic via filter on the_content --><!-- AddThis Share Buttons generic via filter on the_content -->","protected":false},"excerpt":{"rendered":"<p>El pr\u00f3ximo fin de semana del 31 de mayo y 1 de junio, habr\u00e1 un encuentro de Delegados de Comunicaci\u00f3n Diocesanos, para la Regi\u00f3n Platense, [&hellip;]<!-- AddThis Advanced Settings generic via filter on get_the_excerpt --><!-- AddThis Share Buttons generic via filter on get_the_excerpt --><\/p>\n","protected":false},"author":2,"featured_media":5753,"comment_status":"open","ping_status":"open","sticky":false,"template":"","format":"standard","meta":{"footnotes":""},"categories":[1],"tags":[],"class_list":["post-5752","post","type-post","status-publish","format-standard","has-post-thumbnail","hentry","category-noticiasdiocesanas"],"_links":{"self":[{"href":"https:\/\/obispadodezaratecampana.org\/index.php?rest_route=\/wp\/v2\/posts\/5752","targetHints":{"allow":["GET"]}}],"collection":[{"href":"https:\/\/obispadodezaratecampana.org\/index.php?rest_route=\/wp\/v2\/posts"}],"about":[{"href":"https:\/\/obispadodezaratecampana.org\/index.php?rest_route=\/wp\/v2\/types\/post"}],"author":[{"embeddable":true,"href":"https:\/\/obispadodezaratecampana.org\/index.php?rest_route=\/wp\/v2\/users\/2"}],"replies":[{"embeddable":true,"href":"https:\/\/obispadodezaratecampana.org\/index.php?rest_route=%2Fwp%2Fv2%2Fcomments&post=5752"}],"version-history":[{"count":1,"href":"https:\/\/obispadodezaratecampana.org\/index.php?rest_route=\/wp\/v2\/posts\/5752\/revisions"}],"predecessor-version":[{"id":5754,"href":"https:\/\/obispadodezaratecampana.org\/index.php?rest_route=\/wp\/v2\/posts\/5752\/revisions\/5754"}],"wp:featuredmedia":[{"embeddable":true,"href":"https:\/\/obispadodezaratecampana.org\/index.php?rest_route=\/wp\/v2\/media\/5753"}],"wp:attachment":[{"href":"https:\/\/obispadodezaratecampana.org\/index.php?rest_route=%2Fwp%2Fv2%2Fmedia&parent=5752"}],"wp:term":[{"taxonomy":"category","embeddable":true,"href":"https:\/\/obispadodezaratecampana.org\/index.php?rest_route=%2Fwp%2Fv2%2Fcategories&post=5752"},{"taxonomy":"post_tag","embeddable":true,"href":"https:\/\/obispadodezaratecampana.org\/index.php?rest_route=%2Fwp%2Fv2%2Ftags&post=5752"}],"curies":[{"name":"wp","href":"https:\/\/api.w.org\/{rel}","templated":true}]}}