{"id":5749,"date":"2014-05-23T18:32:08","date_gmt":"2014-05-23T21:32:08","guid":{"rendered":"http:\/\/obispadodezaratecampana.org\/?p=5749"},"modified":"2014-05-23T18:32:08","modified_gmt":"2014-05-23T21:32:08","slug":"monsenor-alfredo-mario-esposito-castro","status":"publish","type":"post","link":"https:\/\/obispadodezaratecampana.org\/?p=5749","title":{"rendered":"Monse\u00f1or Alfredo Mario Esp\u00f3sito Castro"},"content":{"rendered":"<p>El 20 de mayo, hubiera sido el cumplea\u00f1os del primer Obispo de nuestra di\u00f3cesis de Z\u00e1rate-Campana (habia nacido el mismo d\u00eda que Monse\u00f1or Sarlinga), el difunto Monse\u00f1or Alfredo Mario Esp\u00f3sito Castro.<\/p>\n<p>Les compartimos y recomendamos la lectura de esta nota, donde se hace referencia a algunos datos biogr\u00e1ficos , y explica el significado del que fue su escudo episcopal:<\/p>\n<p><a title=\"castro\" href=\"http:\/\/heraldicaargentina.blogspot.com.ar\/2014\/05\/escudo-de-monsenor-alfredo-mario.html\">\u00a0http:\/\/heraldicaargentina.blogspot.com.ar\/2014\/05\/escudo-de-monsenor-alfredo-mario.html<\/a><\/p>\n<!-- AddThis Advanced Settings generic via filter on the_content --><!-- AddThis Share Buttons generic via filter on the_content -->","protected":false},"excerpt":{"rendered":"<p>El 20 de mayo, hubiera sido el cumplea\u00f1os del primer Obispo de nuestra di\u00f3cesis de Z\u00e1rate-Campana (habia nacido el mismo d\u00eda que Monse\u00f1or Sarlinga), el [&hellip;]<!-- AddThis Advanced Settings generic via filter on get_the_excerpt --><!-- AddThis Share Buttons generic via filter on get_the_excerpt --><\/p>\n","protected":false},"author":2,"featured_media":5750,"comment_status":"open","ping_status":"open","sticky":false,"template":"","format":"standard","meta":{"footnotes":""},"categories":[1],"tags":[],"class_list":["post-5749","post","type-post","status-publish","format-standard","has-post-thumbnail","hentry","category-noticiasdiocesanas"],"_links":{"self":[{"href":"https:\/\/obispadodezaratecampana.org\/index.php?rest_route=\/wp\/v2\/posts\/5749","targetHints":{"allow":["GET"]}}],"collection":[{"href":"https:\/\/obispadodezaratecampana.org\/index.php?rest_route=\/wp\/v2\/posts"}],"about":[{"href":"https:\/\/obispadodezaratecampana.org\/index.php?rest_route=\/wp\/v2\/types\/post"}],"author":[{"embeddable":true,"href":"https:\/\/obispadodezaratecampana.org\/index.php?rest_route=\/wp\/v2\/users\/2"}],"replies":[{"embeddable":true,"href":"https:\/\/obispadodezaratecampana.org\/index.php?rest_route=%2Fwp%2Fv2%2Fcomments&post=5749"}],"version-history":[{"count":1,"href":"https:\/\/obispadodezaratecampana.org\/index.php?rest_route=\/wp\/v2\/posts\/5749\/revisions"}],"predecessor-version":[{"id":5751,"href":"https:\/\/obispadodezaratecampana.org\/index.php?rest_route=\/wp\/v2\/posts\/5749\/revisions\/5751"}],"wp:featuredmedia":[{"embeddable":true,"href":"https:\/\/obispadodezaratecampana.org\/index.php?rest_route=\/wp\/v2\/media\/5750"}],"wp:attachment":[{"href":"https:\/\/obispadodezaratecampana.org\/index.php?rest_route=%2Fwp%2Fv2%2Fmedia&parent=5749"}],"wp:term":[{"taxonomy":"category","embeddable":true,"href":"https:\/\/obispadodezaratecampana.org\/index.php?rest_route=%2Fwp%2Fv2%2Fcategories&post=5749"},{"taxonomy":"post_tag","embeddable":true,"href":"https:\/\/obispadodezaratecampana.org\/index.php?rest_route=%2Fwp%2Fv2%2Ftags&post=5749"}],"curies":[{"name":"wp","href":"https:\/\/api.w.org\/{rel}","templated":true}]}}