{"id":5745,"date":"2014-05-23T17:24:47","date_gmt":"2014-05-23T20:24:47","guid":{"rendered":"http:\/\/obispadodezaratecampana.org\/?p=5745"},"modified":"2014-05-23T17:24:47","modified_gmt":"2014-05-23T20:24:47","slug":"fiestas-patronales-capilla-maria-auxiliadora-zarate","status":"publish","type":"post","link":"https:\/\/obispadodezaratecampana.org\/?p=5745","title":{"rendered":"Fiestas Patronales Capilla Maria Auxiliadora &#8211; Z\u00e1rate"},"content":{"rendered":"<p>El s\u00e1bado 24 de mayo, la comunidad de la Capilla Mar\u00eda Auxiliadora \u00a0&#8211; calle G\u00fcemes 4238 &#8211; del partido de Z\u00e1rate estar\u00e1 celebrando sus fiestas patronales.<\/p>\n<p>El cronograma de actividades es el siguiente:<\/p>\n<p><span style=\"color: #141823;\">Santa \u00a0misa 11: oo hs<\/span><\/p>\n<p><span style=\"color: #141823;\">Almuerzo a la canasta 12: 30 hs<\/span><\/p>\n<p><span style=\"color: #141823;\">Procesi\u00f3n por las calles del barrio 14: 3o hs<\/span><\/p>\n<p>Merienda 16: 30 hs<\/p>\n<p><span style=\"color: #141823;\">\u00a0<\/span><\/p>\n<!-- AddThis Advanced Settings generic via filter on the_content --><!-- AddThis Share Buttons generic via filter on the_content -->","protected":false},"excerpt":{"rendered":"<p>El s\u00e1bado 24 de mayo, la comunidad de la Capilla Mar\u00eda Auxiliadora \u00a0&#8211; calle G\u00fcemes 4238 &#8211; del partido de Z\u00e1rate estar\u00e1 celebrando sus fiestas [&hellip;]<!-- AddThis Advanced Settings generic via filter on get_the_excerpt --><!-- AddThis Share Buttons generic via filter on get_the_excerpt --><\/p>\n","protected":false},"author":2,"featured_media":5746,"comment_status":"open","ping_status":"open","sticky":false,"template":"","format":"standard","meta":{"footnotes":""},"categories":[3],"tags":[],"class_list":["post-5745","post","type-post","status-publish","format-standard","has-post-thumbnail","hentry","category-noticiasparroquiales"],"_links":{"self":[{"href":"https:\/\/obispadodezaratecampana.org\/index.php?rest_route=\/wp\/v2\/posts\/5745","targetHints":{"allow":["GET"]}}],"collection":[{"href":"https:\/\/obispadodezaratecampana.org\/index.php?rest_route=\/wp\/v2\/posts"}],"about":[{"href":"https:\/\/obispadodezaratecampana.org\/index.php?rest_route=\/wp\/v2\/types\/post"}],"author":[{"embeddable":true,"href":"https:\/\/obispadodezaratecampana.org\/index.php?rest_route=\/wp\/v2\/users\/2"}],"replies":[{"embeddable":true,"href":"https:\/\/obispadodezaratecampana.org\/index.php?rest_route=%2Fwp%2Fv2%2Fcomments&post=5745"}],"version-history":[{"count":1,"href":"https:\/\/obispadodezaratecampana.org\/index.php?rest_route=\/wp\/v2\/posts\/5745\/revisions"}],"predecessor-version":[{"id":5747,"href":"https:\/\/obispadodezaratecampana.org\/index.php?rest_route=\/wp\/v2\/posts\/5745\/revisions\/5747"}],"wp:featuredmedia":[{"embeddable":true,"href":"https:\/\/obispadodezaratecampana.org\/index.php?rest_route=\/wp\/v2\/media\/5746"}],"wp:attachment":[{"href":"https:\/\/obispadodezaratecampana.org\/index.php?rest_route=%2Fwp%2Fv2%2Fmedia&parent=5745"}],"wp:term":[{"taxonomy":"category","embeddable":true,"href":"https:\/\/obispadodezaratecampana.org\/index.php?rest_route=%2Fwp%2Fv2%2Fcategories&post=5745"},{"taxonomy":"post_tag","embeddable":true,"href":"https:\/\/obispadodezaratecampana.org\/index.php?rest_route=%2Fwp%2Fv2%2Ftags&post=5745"}],"curies":[{"name":"wp","href":"https:\/\/api.w.org\/{rel}","templated":true}]}}