{"id":5742,"date":"2014-05-23T16:20:14","date_gmt":"2014-05-23T19:20:14","guid":{"rendered":"http:\/\/obispadodezaratecampana.org\/?p=5742"},"modified":"2014-05-23T16:20:14","modified_gmt":"2014-05-23T19:20:14","slug":"viaje-de-francisco-a-tierra-santa-24-25-y-26-de-mayo","status":"publish","type":"post","link":"https:\/\/obispadodezaratecampana.org\/?p=5742","title":{"rendered":"Viaje de Francisco a Tierra Santa: 24, 25 y 26 de mayo"},"content":{"rendered":"<p>Francisco iniciar\u00e1 este s\u00e1bado, 24 de mayo, un hist\u00f3rico viaje a Tierra Santa, donde pronunciar\u00e1 nueve discursos, celebrar\u00e1 tres misas, har\u00e1 una alocuci\u00f3n y dir\u00e1 unas palabras durante las 55 horas que durar\u00e1 su visita.<\/p>\n<p>As\u00ed, del 24 al 26 de mayo, visitar\u00e1 primero en Jordania, despu\u00e9s Bel\u00e9n y finalmente en Jerusal\u00e9n, en su viaje con motivo del 50 aniversario del encuentro entre el Papa Pablo VI y el Patriarca Aten\u00e1goras en Jerusal\u00e9n.<\/p>\n<p>Se trata del segundo viaje internacional que realizar\u00e1 Francisco tras el del pasado julio a Brasil para asistir a la Jornada Mundial de la Juventud. La invitaci\u00f3n formal a Francisco la realiz\u00f3 el presidente Shimon Peres cuando estuvo en Roma, en abril de 2013.<\/p>\n<p>El avi\u00f3n papal saldr\u00e1 del aeropuerto romano de Fiumicino este s\u00e1bado a las 8,15 horas y est\u00e1 previsto que aterrice en el aeropuerto internacional Queen Alia de Am\u00e1n (Jordania) a las 13,00 horas (hora de Italia).<\/p>\n<p>El Papa Francisco ha elegido El Al Airlines, la misma compa\u00f1\u00eda que us\u00f3 su antecesor, Benedicto XVI, hace cuatro a\u00f1os. El avi\u00f3n en el que volar\u00e1 el Pont\u00edfice ser\u00e1 un Boeing 777 con el logo de la Santa Sede y en \u00e9l viajar\u00e1n junto al Papa 30 representantes y 70 periodistas.<\/p>\n<p>El Pont\u00edfice ser\u00e1 recibido en el Palacio real Al-Husseini de Am\u00e1n con una ceremonia de bienvenida y realizar\u00e1 una visita de cortes\u00eda al rey Abdullah y la reina Rania de Jordania. A las 14,20 horas se encontrar\u00e1 con las autoridades del reino de Jordania y pronunciar\u00e1 un discurso.<\/p>\n<p>A las 16,00 horas se celebrar\u00e1 la Santa Misa en el Stadium Internacional de Am\u00e1n y a las 19,00 horas, Francisco visitar\u00e1 el lugar donde fue bautizado Jes\u00fas, en el Jord\u00e1n. A continuaci\u00f3n, se encontrar\u00e1 con refugiados y j\u00f3venes discapacitados y pronunciar\u00e1 su segundo discurso.<\/p>\n<p>El domingo, el Papa partir\u00e1 a las 8,15 horas del aeropuerto internacional Queen Alia de Am\u00e1n hacia Bel\u00e9n. A las 9,30 horas tendr\u00e1 lugar la ceremonia de bienvenida en el Palacio Presidencial en Bel\u00e9n donde se encontrar\u00e1 con el presidente de la Autoridad Palestina, Mahmud Ab\u00e1s.<\/p>\n<p>El Papa oficiar\u00e1 una misa a las 11,00 horas y rezar\u00e1 el Regina Coeli en la Plaza del Pesebre de Bel\u00e9n. A las 13,30 horas comer\u00e1 con familias palestinas en el Convento franciscano de Casa Nueva en Bel\u00e9n y despu\u00e9s visitar\u00e1 la gruta de la Natividad y saludar\u00e1 a los ni\u00f1os del Campo de refugiados de Dheisheh.<\/p>\n<p>El Papa dejar\u00e1 territorio palestino para viajar en helic\u00f3ptero a Tel Aviv y despu\u00e9s a Jerusal\u00e9n donde se encontrar\u00e1 con el Patriarca Ecum\u00e9nico de Constantinopla con el que firmar\u00e1 una declaraci\u00f3n conjunta. Despu\u00e9s tendr\u00e1 lugar un encuentro ecum\u00e9nico con motivo del 50 aniversario del encuentro en Jerusal\u00e9n entre el Papa Pablo VI y el Patriarca Atenagoras en la Bas\u00edlica del Santo Sepulcro.<\/p>\n<p>El lunes 26 de mayo la agenda del Papa comenzar\u00e1 con la visita oficial al Gran Muft\u00ed de Jerusal\u00e9n, la m\u00e1xima autoridad religiosa musulmana, y seguir\u00e1 con la visita al Muro de las Lamentaciones. Tambi\u00e9n depositar\u00e1 unas flores en el Monte Herzi y visitar\u00e1 la instituci\u00f3n oficial israel\u00ed constituida en memoria de las v\u00edctimas del Holocausto, el Yad Vashem.<\/p>\n<p>Asimismo, Francisco se reunir\u00e1 con los grandes rabinos de Israel y, m\u00e1s tarde, con el presidente del Estado de Israel, Simon Peres, en el Palacio presidencial de Jerusal\u00e9n, donde pronunciar\u00e1 un discurso. Tambi\u00e9n ser\u00e1 recibido por el primer ministro de Israel, Benjamin Netanyahu, en el Centro Notre Dame y volver\u00e1 a encontrarse con el patriarca ecum\u00e9nico de Constantinopla.<\/p>\n<p>A continuaci\u00f3n, el Pont\u00edfice presidir\u00e1 un encuentro con sacerdotes, religiosos, religiosas y seminaristas en la Iglesia de Getseman\u00ed y celebrar\u00e1 una misa con los ordinarios de Tierra Santa y el s\u00e9quito papal en la sala del Cen\u00e1culo.<\/p>\n<p>A las 19,30 horas, Francisco se trasladar\u00e1 en helic\u00f3ptero al aeropuerto internacional Ben Gurion de Tel Aviv donde se celebrar\u00e1 la ceremonia de despedida. Est\u00e1 previsto que el avi\u00f3n en el que viajar\u00e1 el Papa llegue a Roma a las 23,00 horas.<\/p>\n<p>Fuente: www.periodistadigital.com<\/p>\n<!-- AddThis Advanced Settings generic via filter on the_content --><!-- AddThis Share Buttons generic via filter on the_content -->","protected":false},"excerpt":{"rendered":"<p>Francisco iniciar\u00e1 este s\u00e1bado, 24 de mayo, un hist\u00f3rico viaje a Tierra Santa, donde pronunciar\u00e1 nueve discursos, celebrar\u00e1 tres misas, har\u00e1 una alocuci\u00f3n y dir\u00e1 [&hellip;]<!-- AddThis Advanced Settings generic via filter on get_the_excerpt --><!-- AddThis Share Buttons generic via filter on get_the_excerpt --><\/p>\n","protected":false},"author":2,"featured_media":5743,"comment_status":"open","ping_status":"open","sticky":false,"template":"","format":"standard","meta":{"footnotes":""},"categories":[161],"tags":[],"class_list":["post-5742","post","type-post","status-publish","format-standard","has-post-thumbnail","hentry","category-el-papa-leonxiv"],"_links":{"self":[{"href":"https:\/\/obispadodezaratecampana.org\/index.php?rest_route=\/wp\/v2\/posts\/5742","targetHints":{"allow":["GET"]}}],"collection":[{"href":"https:\/\/obispadodezaratecampana.org\/index.php?rest_route=\/wp\/v2\/posts"}],"about":[{"href":"https:\/\/obispadodezaratecampana.org\/index.php?rest_route=\/wp\/v2\/types\/post"}],"author":[{"embeddable":true,"href":"https:\/\/obispadodezaratecampana.org\/index.php?rest_route=\/wp\/v2\/users\/2"}],"replies":[{"embeddable":true,"href":"https:\/\/obispadodezaratecampana.org\/index.php?rest_route=%2Fwp%2Fv2%2Fcomments&post=5742"}],"version-history":[{"count":1,"href":"https:\/\/obispadodezaratecampana.org\/index.php?rest_route=\/wp\/v2\/posts\/5742\/revisions"}],"predecessor-version":[{"id":5744,"href":"https:\/\/obispadodezaratecampana.org\/index.php?rest_route=\/wp\/v2\/posts\/5742\/revisions\/5744"}],"wp:featuredmedia":[{"embeddable":true,"href":"https:\/\/obispadodezaratecampana.org\/index.php?rest_route=\/wp\/v2\/media\/5743"}],"wp:attachment":[{"href":"https:\/\/obispadodezaratecampana.org\/index.php?rest_route=%2Fwp%2Fv2%2Fmedia&parent=5742"}],"wp:term":[{"taxonomy":"category","embeddable":true,"href":"https:\/\/obispadodezaratecampana.org\/index.php?rest_route=%2Fwp%2Fv2%2Fcategories&post=5742"},{"taxonomy":"post_tag","embeddable":true,"href":"https:\/\/obispadodezaratecampana.org\/index.php?rest_route=%2Fwp%2Fv2%2Ftags&post=5742"}],"curies":[{"name":"wp","href":"https:\/\/api.w.org\/{rel}","templated":true}]}}