{"id":5738,"date":"2014-05-23T15:54:07","date_gmt":"2014-05-23T18:54:07","guid":{"rendered":"http:\/\/obispadodezaratecampana.org\/?p=5738"},"modified":"2014-05-23T15:54:07","modified_gmt":"2014-05-23T18:54:07","slug":"francisco-encomienda-su-peregrinacion-a-maria-auxiliadora","status":"publish","type":"post","link":"https:\/\/obispadodezaratecampana.org\/?p=5738","title":{"rendered":"FRANCISCO ENCOMIENDA SU PEREGRINACI\u00d3N A MAR\u00cdA AUXILIADORA"},"content":{"rendered":"<p>Ciudad del Vaticano, 23 mayo 2014 (VIS).- A primera hora de esta ma\u00f1ana de viernes el Santo Padre se ha desplazado de forma privada a la bas\u00edlica papal de Santa Mar\u00eda la Mayor, para rezar a la Virgen y encomendarle su pr\u00f3xima peregrinaci\u00f3n a Tierra Santa. Despu\u00e9s de la oraci\u00f3n, que dur\u00f3 unos 15 minutos, el Obispo de Roma ofreci\u00f3 un ramo de rosas a la imagen de Mar\u00eda, conocida como la Salus populi romani.<\/p>\n<!-- AddThis Advanced Settings generic via filter on the_content --><!-- AddThis Share Buttons generic via filter on the_content -->","protected":false},"excerpt":{"rendered":"<p>Ciudad del Vaticano, 23 mayo 2014 (VIS).- A primera hora de esta ma\u00f1ana de viernes el Santo Padre se ha desplazado de forma privada a [&hellip;]<!-- AddThis Advanced Settings generic via filter on get_the_excerpt --><!-- AddThis Share Buttons generic via filter on get_the_excerpt --><\/p>\n","protected":false},"author":2,"featured_media":5739,"comment_status":"open","ping_status":"open","sticky":false,"template":"","format":"standard","meta":{"footnotes":""},"categories":[161],"tags":[],"class_list":["post-5738","post","type-post","status-publish","format-standard","has-post-thumbnail","hentry","category-el-papa-leonxiv"],"_links":{"self":[{"href":"https:\/\/obispadodezaratecampana.org\/index.php?rest_route=\/wp\/v2\/posts\/5738","targetHints":{"allow":["GET"]}}],"collection":[{"href":"https:\/\/obispadodezaratecampana.org\/index.php?rest_route=\/wp\/v2\/posts"}],"about":[{"href":"https:\/\/obispadodezaratecampana.org\/index.php?rest_route=\/wp\/v2\/types\/post"}],"author":[{"embeddable":true,"href":"https:\/\/obispadodezaratecampana.org\/index.php?rest_route=\/wp\/v2\/users\/2"}],"replies":[{"embeddable":true,"href":"https:\/\/obispadodezaratecampana.org\/index.php?rest_route=%2Fwp%2Fv2%2Fcomments&post=5738"}],"version-history":[{"count":1,"href":"https:\/\/obispadodezaratecampana.org\/index.php?rest_route=\/wp\/v2\/posts\/5738\/revisions"}],"predecessor-version":[{"id":5740,"href":"https:\/\/obispadodezaratecampana.org\/index.php?rest_route=\/wp\/v2\/posts\/5738\/revisions\/5740"}],"wp:featuredmedia":[{"embeddable":true,"href":"https:\/\/obispadodezaratecampana.org\/index.php?rest_route=\/wp\/v2\/media\/5739"}],"wp:attachment":[{"href":"https:\/\/obispadodezaratecampana.org\/index.php?rest_route=%2Fwp%2Fv2%2Fmedia&parent=5738"}],"wp:term":[{"taxonomy":"category","embeddable":true,"href":"https:\/\/obispadodezaratecampana.org\/index.php?rest_route=%2Fwp%2Fv2%2Fcategories&post=5738"},{"taxonomy":"post_tag","embeddable":true,"href":"https:\/\/obispadodezaratecampana.org\/index.php?rest_route=%2Fwp%2Fv2%2Ftags&post=5738"}],"curies":[{"name":"wp","href":"https:\/\/api.w.org\/{rel}","templated":true}]}}