{"id":5665,"date":"2014-05-15T18:54:16","date_gmt":"2014-05-15T18:54:16","guid":{"rendered":"http:\/\/obispadodezaratecampana.org\/?p=5665"},"modified":"2014-05-17T21:05:41","modified_gmt":"2014-05-17T21:05:41","slug":"viernes-23-de-mayo-reunion-en-la-catedral-santa-florentina-campana","status":"publish","type":"post","link":"https:\/\/obispadodezaratecampana.org\/?p=5665","title":{"rendered":"Viernes 23 de mayo: reuni\u00f3n en la Catedral Santa Florentina &#8211; Campana"},"content":{"rendered":"<p>Monse\u00f1or Ariel Perez &#8211; cura p\u00e1rroco de la Catedral Santa Florentina- invita a una reuni\u00f3n el pr\u00f3ximo viernes 23 de mayo para organizar las fiestas patronales en honor a Santa Florentina y la Colecta anual de C\u00e1ritas.<\/p>\n<p>Les compartimos la invitaci\u00f3n (que se encuentra ademas en el muro del facebook de la Catedral) para que difundan y participen:<\/p>\n<p><em>QUERIDOS HERMANOS: si Dios quiere, este viernes 23 de Mayo a las 19:30 nos encontraremos en los salones de Catedral para organizarnos para la Colecta de C\u00e1ritas y las Fiestas Patronales de este a\u00f1o 2014. A traves de los representantes de las Capillas, centros, movimientos e instituciones, hagan llegar ideas, propuestas, y sugerencias. Gracias P. Ariel Perez\u00a0<\/em><\/p>\n<!-- AddThis Advanced Settings generic via filter on the_content --><!-- AddThis Share Buttons generic via filter on the_content -->","protected":false},"excerpt":{"rendered":"<p>Monse\u00f1or Ariel Perez &#8211; cura p\u00e1rroco de la Catedral Santa Florentina- invita a una reuni\u00f3n el pr\u00f3ximo viernes 23 de mayo para organizar las fiestas [&hellip;]<!-- AddThis Advanced Settings generic via filter on get_the_excerpt --><!-- AddThis Share Buttons generic via filter on get_the_excerpt --><\/p>\n","protected":false},"author":1,"featured_media":5673,"comment_status":"open","ping_status":"closed","sticky":false,"template":"","format":"standard","meta":{"footnotes":""},"categories":[3],"tags":[],"class_list":["post-5665","post","type-post","status-publish","format-standard","has-post-thumbnail","hentry","category-noticiasparroquiales"],"_links":{"self":[{"href":"https:\/\/obispadodezaratecampana.org\/index.php?rest_route=\/wp\/v2\/posts\/5665","targetHints":{"allow":["GET"]}}],"collection":[{"href":"https:\/\/obispadodezaratecampana.org\/index.php?rest_route=\/wp\/v2\/posts"}],"about":[{"href":"https:\/\/obispadodezaratecampana.org\/index.php?rest_route=\/wp\/v2\/types\/post"}],"author":[{"embeddable":true,"href":"https:\/\/obispadodezaratecampana.org\/index.php?rest_route=\/wp\/v2\/users\/1"}],"replies":[{"embeddable":true,"href":"https:\/\/obispadodezaratecampana.org\/index.php?rest_route=%2Fwp%2Fv2%2Fcomments&post=5665"}],"version-history":[{"count":1,"href":"https:\/\/obispadodezaratecampana.org\/index.php?rest_route=\/wp\/v2\/posts\/5665\/revisions"}],"predecessor-version":[{"id":5667,"href":"https:\/\/obispadodezaratecampana.org\/index.php?rest_route=\/wp\/v2\/posts\/5665\/revisions\/5667"}],"wp:featuredmedia":[{"embeddable":true,"href":"https:\/\/obispadodezaratecampana.org\/index.php?rest_route=\/wp\/v2\/media\/5673"}],"wp:attachment":[{"href":"https:\/\/obispadodezaratecampana.org\/index.php?rest_route=%2Fwp%2Fv2%2Fmedia&parent=5665"}],"wp:term":[{"taxonomy":"category","embeddable":true,"href":"https:\/\/obispadodezaratecampana.org\/index.php?rest_route=%2Fwp%2Fv2%2Fcategories&post=5665"},{"taxonomy":"post_tag","embeddable":true,"href":"https:\/\/obispadodezaratecampana.org\/index.php?rest_route=%2Fwp%2Fv2%2Ftags&post=5665"}],"curies":[{"name":"wp","href":"https:\/\/api.w.org\/{rel}","templated":true}]}}