{"id":5652,"date":"2014-05-15T17:19:31","date_gmt":"2014-05-15T17:19:31","guid":{"rendered":"http:\/\/obispadodezaratecampana.org\/?p=5652"},"modified":"2014-05-17T21:09:24","modified_gmt":"2014-05-17T21:09:24","slug":"patronales-en-honor-a-ntra-sra-de-lujan-en-campana","status":"publish","type":"post","link":"https:\/\/obispadodezaratecampana.org\/?p=5652","title":{"rendered":"Patronales en honor a Ntra. Sra. de Luj\u00e1n en Campana"},"content":{"rendered":"<p>Les compartimos esta nota acerca de las fiestas patronales de la Pquia. Ntra. \u00a0Sra. de Luj\u00e1n y de los Santos Ap\u00f3stoles Pedro y Pablo (del partido de Campana). Pueden leerla ademas en el blog de esta comunidad:<\/p>\n<p><a title=\"lujan \" href=\"http:\/\/lujanpedroypablo.blogspot.com.ar\/2014\/05\/fiesta-patronal-en-honor-nuestra-senora.html?spref=fb\">\u00a0http:\/\/lujanpedroypablo.blogspot.com.ar\/2014\/05\/fiesta-patronal-en-honor-nuestra-senora.html?spref=fb<\/a><\/p>\n<p><em>Con gran gozo hemos celebrado la fiesta de Nuestra Madre, la Virgen de Lujan, Patrona de nuestra Naci\u00f3n, de nuestra Di\u00f3cesis y de nuestra parroquia. Nos sentimos privilegiados al ser los hijos de esta Bendita Madre, la Madre de Cristo y de la Iglesia, por eso, grande es nuestra alegr\u00eda y gratitud.<\/em><\/p>\n<p><em>Y con este esp\u00edritu, sabi\u00e9ndonos hijos de Dios, nos congregamos el domingo 11 de mayo, a las 11hs. en nuestra parroquia, para celebrar solemnemente la Santa Misa en honor de la Virgen, la cual estuvo presidida por nuestro Obispo Monse\u00f1or Oscar Sarlinga, concelebrando nuestro p\u00e1rroco el padre Agust\u00edn Villa y tambi\u00e9n sirvi\u00f3 en la Eucarist\u00eda el Di\u00e1cono Sergio Pandiani, ayudando Jonathan Raggio y Marcos Rodr\u00edguez, seminaristas de nuestro Seminario Diocesano San Pedro y San Pablo y el grupo de monaguillos de nuestra parroquia, haciendo de este momento una hermosa celebraci\u00f3n.<\/em><br \/>\n<em>Estaba previsto comenzar con una procesi\u00f3n por las calles cercanas a la parroquia y celebrar la misa en el exterior de la Iglesia, pero la lluvia nos oblig\u00f3 a suspender la procesi\u00f3n y celebrar la Eucarist\u00eda dentro del Templo, sin opacar as\u00ed, esta gran fiesta. El templo estuvo colmado de fieles, entre los cuales se encontraban los ni\u00f1os de catequesis, alumnos del colegio Santo Tom\u00e1s de Aquino, sus abanderados y escoltas con sus respectivas docentes, estuvo presente el concejal Juan Jos\u00e9 Ferrari, como representante de las autoridades municipales, miembros de otras comunidades parroquiales y una gran cantidad de familias en general.<\/em><\/p>\n<p><em>Durante la Homil\u00eda, Mons. Oscar nos fue comentando sobre la Fiesta Patronal Diocesana acontecida en Maquinista Savio, el s\u00e1bado 10 de mayo. La cual, -nos explicaba- fue muy numerosa y que en la comuni\u00f3n de los santos algunos no pudieron asistir pero estuvieron all\u00ed en un mismo Esp\u00edritu.<\/em><\/p>\n<p><em>Continu\u00f3: Hab\u00eda distintas parroquias bajo el patronazgo de Nuestra Se\u00f1ora de Lujan en la di\u00f3cesis y que la de Campana fue la primera fundada por su ministerio en el a\u00f1o 2006.<\/em><\/p>\n<p><em>Tambi\u00e9n dijo que tenemos la Gracia de que la Imagen de la Pura y Limpia Concepci\u00f3n aya querido parar o quedarse en parajes pertenecientes a nuestra di\u00f3cesis, por eso el a\u00f1o pasado dejo reflejado en una placa la importancia de que Nuestra Madre quiso quedarse en principio en un lugar no definido pero si hist\u00f3ricamente documentado en la zona de Zelaya, partido de Pilar. Destaco, que en la zona de Zelaya ha realizado una donaci\u00f3n de 12 hect\u00e1reas a una congregaci\u00f3n de monjas cuya fundadora era una monja francesa, que le hab\u00eda presentado el entonces Cardenal Jorge Bergoglio.<\/em><br \/>\n<em>Asimismo destaco que en la Fiesta Diocesana estuvieron presentes distintas pastorales entre ellas la pastoral de la Juventud y Vocacional, La Pastoral de la Salud, Caritas, Carcelaria, Catequistica, Comunicacional, Adicciones entre otras tantas&#8230;<\/em><\/p>\n<p><em>Hablo de las distintas vocaciones en la Iglesia: Sacerdotales, Consagradas, Misioneras y Matrimoniales pero se refiri\u00f3 de manera especial a la Imagen de Cristo Buen Pastor, haciendo especial referencia a la oraci\u00f3n por las vocaciones sacerdotales y a nuestro querido seminario, celebrando ese d\u00eda tambi\u00e9n, el domingo de &#8220;El Buen Pastor&#8221;.<\/em><\/p>\n<p><em>El Padre Agust\u00edn le agradeci\u00f3 su presencia y tambi\u00e9n a toda la comunidad poniendo en manos de la Virgen de Lujan la Alegr\u00eda de pertenecer a esta comunidad parroquial.<\/em><\/p>\n<p><em>Luego compartimos un \u00e1gape en el sal\u00f3n parroquial y los ni\u00f1os tuvieron su espacio de juegos. Y no falt\u00f3 la torta para la Virgen de la Legi\u00f3n de Mar\u00eda. La jornada se desenvolvi\u00f3 en un \u00e1mbito de alegr\u00eda y fraternal comuni\u00f3n en honor a la Virgen de Lujan.<\/em><\/p>\n<!-- AddThis Advanced Settings generic via filter on the_content --><!-- AddThis Share Buttons generic via filter on the_content -->","protected":false},"excerpt":{"rendered":"<p>Les compartimos esta nota acerca de las fiestas patronales de la Pquia. Ntra. \u00a0Sra. de Luj\u00e1n y de los Santos Ap\u00f3stoles Pedro y Pablo (del [&hellip;]<!-- AddThis Advanced Settings generic via filter on get_the_excerpt --><!-- AddThis Share Buttons generic via filter on get_the_excerpt --><\/p>\n","protected":false},"author":1,"featured_media":5675,"comment_status":"open","ping_status":"closed","sticky":false,"template":"","format":"standard","meta":{"footnotes":""},"categories":[3],"tags":[],"class_list":["post-5652","post","type-post","status-publish","format-standard","has-post-thumbnail","hentry","category-noticiasparroquiales"],"_links":{"self":[{"href":"https:\/\/obispadodezaratecampana.org\/index.php?rest_route=\/wp\/v2\/posts\/5652","targetHints":{"allow":["GET"]}}],"collection":[{"href":"https:\/\/obispadodezaratecampana.org\/index.php?rest_route=\/wp\/v2\/posts"}],"about":[{"href":"https:\/\/obispadodezaratecampana.org\/index.php?rest_route=\/wp\/v2\/types\/post"}],"author":[{"embeddable":true,"href":"https:\/\/obispadodezaratecampana.org\/index.php?rest_route=\/wp\/v2\/users\/1"}],"replies":[{"embeddable":true,"href":"https:\/\/obispadodezaratecampana.org\/index.php?rest_route=%2Fwp%2Fv2%2Fcomments&post=5652"}],"version-history":[{"count":2,"href":"https:\/\/obispadodezaratecampana.org\/index.php?rest_route=\/wp\/v2\/posts\/5652\/revisions"}],"predecessor-version":[{"id":5655,"href":"https:\/\/obispadodezaratecampana.org\/index.php?rest_route=\/wp\/v2\/posts\/5652\/revisions\/5655"}],"wp:featuredmedia":[{"embeddable":true,"href":"https:\/\/obispadodezaratecampana.org\/index.php?rest_route=\/wp\/v2\/media\/5675"}],"wp:attachment":[{"href":"https:\/\/obispadodezaratecampana.org\/index.php?rest_route=%2Fwp%2Fv2%2Fmedia&parent=5652"}],"wp:term":[{"taxonomy":"category","embeddable":true,"href":"https:\/\/obispadodezaratecampana.org\/index.php?rest_route=%2Fwp%2Fv2%2Fcategories&post=5652"},{"taxonomy":"post_tag","embeddable":true,"href":"https:\/\/obispadodezaratecampana.org\/index.php?rest_route=%2Fwp%2Fv2%2Ftags&post=5652"}],"curies":[{"name":"wp","href":"https:\/\/api.w.org\/{rel}","templated":true}]}}