{"id":5614,"date":"2014-05-13T10:36:40","date_gmt":"2014-05-13T13:36:40","guid":{"rendered":"http:\/\/obispadodezaratecampana.org\/?p=5614"},"modified":"2014-05-17T21:01:52","modified_gmt":"2014-05-17T21:01:52","slug":"24-de-mayo-3o-encuentro-diocesano-de-monaguillos","status":"publish","type":"post","link":"https:\/\/obispadodezaratecampana.org\/?p=5614","title":{"rendered":"24 de mayo: 3\u00ba Encuentro Diocesano de Monaguillos"},"content":{"rendered":"<p>Les compartimos la invitaci\u00f3n al tercer Encuentro Diocesano de Monaguillos:<\/p>\n<p><em>Queridos, monaguillos, Familias y coordinadores:<\/em><br \/>\n<em>Tenemos el agrado de dirigirnos a ustedes para recordarles, como lo hicimos en la carta anterior, que el d\u00eda 24 de mayo se realizar\u00e1 el 3\u00b0 encuentro diocesano de monaguillos. Que se llevar\u00e1 a cabo en el Seminario San Pedro y San Pablo, que se encuentra en G\u00fcemes 1117, Campana (frente al Club Ciudad), en el horario de 9 a 17hs. <\/em><br \/>\n<em>En esta ocasi\u00f3n deber\u00e1n traer algo para compartir el almuerzo, por ejemplo (empanadas, s\u00e1ndwiches, tartas, etc.) y tambi\u00e9n para la merienda. Y la autorizaci\u00f3n que adjuntamos.<\/em><br \/>\n<em>Adem\u00e1s necesitamos de la colaboraci\u00f3n de alg\u00fan adulto que pueda acercarse al Seminario el d\u00eda viernes 23 para preparar el flan que serviremos en el postre. Les aclaramos que en caso de lluvia, se suspende el encuentro hasta pr\u00f3ximo aviso.<\/em><br \/>\n<em>Desde ya les agradecemos el apoyo que nos puedan brindar para lograr que este encuentro sea de crecimiento personal y espiritual para nuestros chicos y de todos los que participemos de \u00e9l, directa o indirectamente.<\/em><\/p>\n<p><em>\u00a1Los esperamos!<\/em><br \/>\n<em>Dios los Bendiga.<\/em><\/p>\n<p><em>Padre Fernando Crevatin y Grupo Organizador.<\/em><\/p>\n<p>Para consultas y solicitar el formulario de autorizaci\u00f3n a que hace referencia este aviso , comunicarse a traves del facebook:<\/p>\n<p><a title=\"monaguillos\" href=\"https:\/\/www.facebook.com\/monaguillosdiocesis.zaratecampana?fref=ts\">https:\/\/www.facebook.com\/monaguillosdiocesis.zaratecampana?fref=ts<\/a><\/p>\n<!-- AddThis Advanced Settings generic via filter on the_content --><!-- AddThis Share Buttons generic via filter on the_content -->","protected":false},"excerpt":{"rendered":"<p>Les compartimos la invitaci\u00f3n al tercer Encuentro Diocesano de Monaguillos: Queridos, monaguillos, Familias y coordinadores: Tenemos el agrado de dirigirnos a ustedes para recordarles, como [&hellip;]<!-- AddThis Advanced Settings generic via filter on get_the_excerpt --><!-- AddThis Share Buttons generic via filter on get_the_excerpt --><\/p>\n","protected":false},"author":1,"featured_media":5671,"comment_status":"open","ping_status":"closed","sticky":false,"template":"","format":"standard","meta":{"footnotes":""},"categories":[1],"tags":[],"class_list":["post-5614","post","type-post","status-publish","format-standard","has-post-thumbnail","hentry","category-noticiasdiocesanas"],"_links":{"self":[{"href":"https:\/\/obispadodezaratecampana.org\/index.php?rest_route=\/wp\/v2\/posts\/5614","targetHints":{"allow":["GET"]}}],"collection":[{"href":"https:\/\/obispadodezaratecampana.org\/index.php?rest_route=\/wp\/v2\/posts"}],"about":[{"href":"https:\/\/obispadodezaratecampana.org\/index.php?rest_route=\/wp\/v2\/types\/post"}],"author":[{"embeddable":true,"href":"https:\/\/obispadodezaratecampana.org\/index.php?rest_route=\/wp\/v2\/users\/1"}],"replies":[{"embeddable":true,"href":"https:\/\/obispadodezaratecampana.org\/index.php?rest_route=%2Fwp%2Fv2%2Fcomments&post=5614"}],"version-history":[{"count":1,"href":"https:\/\/obispadodezaratecampana.org\/index.php?rest_route=\/wp\/v2\/posts\/5614\/revisions"}],"predecessor-version":[{"id":5617,"href":"https:\/\/obispadodezaratecampana.org\/index.php?rest_route=\/wp\/v2\/posts\/5614\/revisions\/5617"}],"wp:featuredmedia":[{"embeddable":true,"href":"https:\/\/obispadodezaratecampana.org\/index.php?rest_route=\/wp\/v2\/media\/5671"}],"wp:attachment":[{"href":"https:\/\/obispadodezaratecampana.org\/index.php?rest_route=%2Fwp%2Fv2%2Fmedia&parent=5614"}],"wp:term":[{"taxonomy":"category","embeddable":true,"href":"https:\/\/obispadodezaratecampana.org\/index.php?rest_route=%2Fwp%2Fv2%2Fcategories&post=5614"},{"taxonomy":"post_tag","embeddable":true,"href":"https:\/\/obispadodezaratecampana.org\/index.php?rest_route=%2Fwp%2Fv2%2Ftags&post=5614"}],"curies":[{"name":"wp","href":"https:\/\/api.w.org\/{rel}","templated":true}]}}