{"id":5604,"date":"2014-05-12T23:49:07","date_gmt":"2014-05-13T02:49:07","guid":{"rendered":"http:\/\/obispadodezaratecampana.org\/?p=5604"},"modified":"2014-05-12T23:49:07","modified_gmt":"2014-05-13T02:49:07","slug":"francisco-quienes-somos-nosotros-para-cerrarle-las-puertas-al-espiritu-santo","status":"publish","type":"post","link":"https:\/\/obispadodezaratecampana.org\/?p=5604","title":{"rendered":"Francisco: \u00bfQuienes somos nosotros para cerrarle las puertas al Esp\u00edritu Santo?"},"content":{"rendered":"<p>\u00bfQui\u00e9nes somos nosotros para cerrarle las puertas al Esp\u00edritu Santo? fue la pregunta recurrente que el Papa Francisco repiti\u00f3 en su homil\u00eda de la Misa matutina, en la capilla de la Casa de Santa Marta (el lunes 12 de mayo ) dedicada a la conversi\u00f3n de los primeros paganos al cristianismo. El Esp\u00edritu Santo &#8211; reiter\u00f3 &#8211; es el que hace que la Iglesia vaya \u00abm\u00e1s all\u00e1 de los l\u00edmites, hacia adelante\u00bb. El Esp\u00edritu sopla donde quiere, pero una de las tentaciones m\u00e1s recurrentes de quien tiene fe es la de ponerle trabas en el camino y de desviarlo hacia una direcci\u00f3n, en lugar que hacia otra. Una tentaci\u00f3n que no faltaba tampoco en los albores de la Iglesia, como muestra la experiencia que vive Sim\u00f3n Pedro, en el episodio de los Hechos de los Ap\u00f3stoles, presente en la liturgia. Una comunidad de paganos acoge el anuncio del Evangelio y Pedro es testigo ocular de la bajada del Esp\u00edritu Santo sobre ellos, pero primero duda en tener contacto con lo que siempre hab\u00eda cre\u00eddo \u2018impuro\u2019. Y luego recibe duras cr\u00edticas de parte de los cristianos de Jerusal\u00e9n, escandalizados por el hecho de que su jefe hab\u00eda comido con unos \u2018no circuncisos\u2019 y hasta los hab\u00eda bautizado. Un momento de crisis interna, que el Papa recuerda con un matiz de iron\u00eda:<br \/>\n\u00abAlgo que no se pod\u00eda ni pensar&#8230;. Si ma\u00f1ana llegara una expedici\u00f3n de marcianos, por ejemplo, y algunos de ellos vinieran donde nosotros, digo marcianos \u00bfno?&#8230; Verdes, con esa nariz larga y las orejas grandes, como los pintan los ni\u00f1os&#8230; Y uno dijera: &#8220;Pero, yo quiero el bautismo\u201d. \u00bfQu\u00e9 pasar\u00eda?\u00bb.<br \/>\nPedro comprende su error cuando una visi\u00f3n le ilumina una verdad fundamental: nadie puede llamar \u2018profano\u2019 lo que ha sido purificado por Dios. Y al narrar estos hechos a la muchedumbre que lo critica, el Ap\u00f3stol \u2013 recuerda tambi\u00e9n el Papa Francisco \u2013 tranquiliza a todos con esta afirmaci\u00f3n: \u00bfSi por lo tanto Dios les ha dado el mismo don que nos dio a nosotros, por haber cre\u00eddo en el Se\u00f1or Jesucristo, qui\u00e9n soy yo para poner impedimentos a Dios?:<br \/>\n\u00abCuando el Se\u00f1or nos indica el camino \u00bfqui\u00e9nes somos nosotros para decir: \u2018\u00a1No Se\u00f1or, no es prudente! No, hagamos as\u00ed&#8230;? Y Pedro en esa primera di\u00f3cesis \u2013 la primera di\u00f3cesis fue Antioqu\u00eda \u2013 toma esa decisi\u00f3n: \u00bfQui\u00e9n soy yo para poner impedimentos?\u2019. Una bella palabra para los obispos, los sacerdotes y tambi\u00e9n para los cristianos. Pero \u00bfqui\u00e9nes somos para cerrar puertas? En la Iglesia antigua, incluso hoy, est\u00e1 el ministerio del hostiario. Y \u00bfqu\u00e9 hacia el hostiario? Abr\u00eda la puerta, recib\u00eda a la gente, la hac\u00eda pasar. Pero \u00a1nunca fue el ministerio del que cierra la puerta!<br \/>\nA\u00fan hoy, record\u00f3 el Papa Francisco, Dios ha dejado la gu\u00eda de la Iglesia \u00aben manos del Esp\u00edritu Santo\u00bb. Y \u00abel Esp\u00edritu Santo es el que, como dice Jes\u00fas, nos ense\u00f1ar\u00e1 todo\u00bb y \u00abhar\u00e1 que nos acordemos de lo que Jes\u00fas nos ha ense\u00f1ado\u00bb:<br \/>\n\u00abEl Esp\u00edritu Santo es la presencia viva de Dios en la Iglesia. Es el que hace que la Iglesia ande, el que hace que la Iglesia camine. Cada vez m\u00e1s, m\u00e1s all\u00e1 de los l\u00edmites, hacia adelante. El Esp\u00edritu Santo con sus dones gu\u00eda a la Iglesia. No se puede comprender la Iglesia de Jes\u00fas sin este Par\u00e1clito, que el Se\u00f1or nos env\u00eda para ello. Y cumple estas opciones impensables \u00a1pero impensables! Para usar una palabra de San Juan XXIII: es precisamente el Esp\u00edritu Santo el que actualiza la Iglesia: verdaderamente la actualiza y hace que vaya adelante. Y nosotros los cristianos debemos pedir al Se\u00f1or la gracia de la docilidad al Esp\u00edritu Santo. La docilidad a este Esp\u00edritu, que nos habla en el coraz\u00f3n, nos habla en las circunstancias de la vida, nos habla en la vida eclesial en las comunidades cristianas, nos habla siempre\u00bb.<\/p>\n<!-- AddThis Advanced Settings generic via filter on the_content --><!-- AddThis Share Buttons generic via filter on the_content -->","protected":false},"excerpt":{"rendered":"<p>\u00bfQui\u00e9nes somos nosotros para cerrarle las puertas al Esp\u00edritu Santo? fue la pregunta recurrente que el Papa Francisco repiti\u00f3 en su homil\u00eda de la Misa [&hellip;]<!-- AddThis Advanced Settings generic via filter on get_the_excerpt --><!-- AddThis Share Buttons generic via filter on get_the_excerpt --><\/p>\n","protected":false},"author":2,"featured_media":5606,"comment_status":"open","ping_status":"closed","sticky":false,"template":"","format":"standard","meta":{"footnotes":""},"categories":[161],"tags":[],"class_list":["post-5604","post","type-post","status-publish","format-standard","has-post-thumbnail","hentry","category-el-papa-leonxiv"],"_links":{"self":[{"href":"https:\/\/obispadodezaratecampana.org\/index.php?rest_route=\/wp\/v2\/posts\/5604","targetHints":{"allow":["GET"]}}],"collection":[{"href":"https:\/\/obispadodezaratecampana.org\/index.php?rest_route=\/wp\/v2\/posts"}],"about":[{"href":"https:\/\/obispadodezaratecampana.org\/index.php?rest_route=\/wp\/v2\/types\/post"}],"author":[{"embeddable":true,"href":"https:\/\/obispadodezaratecampana.org\/index.php?rest_route=\/wp\/v2\/users\/2"}],"replies":[{"embeddable":true,"href":"https:\/\/obispadodezaratecampana.org\/index.php?rest_route=%2Fwp%2Fv2%2Fcomments&post=5604"}],"version-history":[{"count":1,"href":"https:\/\/obispadodezaratecampana.org\/index.php?rest_route=\/wp\/v2\/posts\/5604\/revisions"}],"predecessor-version":[{"id":5607,"href":"https:\/\/obispadodezaratecampana.org\/index.php?rest_route=\/wp\/v2\/posts\/5604\/revisions\/5607"}],"wp:featuredmedia":[{"embeddable":true,"href":"https:\/\/obispadodezaratecampana.org\/index.php?rest_route=\/wp\/v2\/media\/5606"}],"wp:attachment":[{"href":"https:\/\/obispadodezaratecampana.org\/index.php?rest_route=%2Fwp%2Fv2%2Fmedia&parent=5604"}],"wp:term":[{"taxonomy":"category","embeddable":true,"href":"https:\/\/obispadodezaratecampana.org\/index.php?rest_route=%2Fwp%2Fv2%2Fcategories&post=5604"},{"taxonomy":"post_tag","embeddable":true,"href":"https:\/\/obispadodezaratecampana.org\/index.php?rest_route=%2Fwp%2Fv2%2Ftags&post=5604"}],"curies":[{"name":"wp","href":"https:\/\/api.w.org\/{rel}","templated":true}]}}