{"id":5601,"date":"2014-05-12T23:29:33","date_gmt":"2014-05-13T02:29:33","guid":{"rendered":"http:\/\/obispadodezaratecampana.org\/?p=5601"},"modified":"2014-05-12T23:29:33","modified_gmt":"2014-05-13T02:29:33","slug":"domingo-11-de-mayo-jornada-del-buen-pastor","status":"publish","type":"post","link":"https:\/\/obispadodezaratecampana.org\/?p=5601","title":{"rendered":"Domingo 11 de mayo: Jornada del Buen Pastor"},"content":{"rendered":"<p>NO OS CANS\u00c9IS DE SER MISERICORDIOSOS, DICE EL PAPA A LOS NUEVOS SACERDOTES<\/p>\n<p>Ciudad del Vaticano, 11 de mayo de 2014 (VIS).-Hoy, Jornada Mundial de Oraci\u00f3n por las Vocaciones, el Papa Francisco ha presidido en la bas\u00edlica de San Pedro la misa de ordenaci\u00f3n de trece nuevos sacerdotes, : 6 italianos, 4 procedentes de diversos pa\u00edses de Am\u00e9rica Latina, uno de Pakistan, uno de Corea del Sur y uno de Vietnam.<\/p>\n<p>El Obispo de Roma, que ha a\u00f1adido algunas reflexiones personales al Rito de Ordenaci\u00f3n, ha invitado a los presb\u00edteros a no cansarse nunca de ser misericordiosos , record\u00e1ndoles, adem\u00e1s, que no son los due\u00f1os de la doctrina porque \u00e9sta pertenece a Cristo.<\/p>\n<p>?Vosotros&#8230; que ser\u00e9is promovidos al orden del presbiterado -ha dicho- considerad que ejerciendo el ministerio de la doctrina sagrada ser\u00e9is part\u00edcipes de la misi\u00f3n de Cristo, \u00fanico maestro. Dispensad a todos esa Palabra que vosotros mismos hab\u00e9is recibido con alegr\u00eda de vuestras madres, de vuestras catequistas. Leed y meditad con asiduidad la palabra del Se\u00f1or para creer en lo que hab\u00e9is le\u00eddo, ense\u00f1ar lo que hab\u00e9is aprendido en la fe, vivir lo que hab\u00e9is ense\u00f1ado. Que el alimento para el Pueblo de Dios sea vuestra doctrina, que no es vuestra: \u00a1no sois vosotros los due\u00f1os de la doctrina! Es la doctrina del Se\u00f1or y vosotros deb\u00e9is ser fieles a la doctrina del Se\u00f1or&#8230;para que con la palabra y el ejemplo edifiqu\u00e9is la casa de Dios que es la Iglesia&#8221;.<\/p>\n<p>&#8221;Con el Bautismo agregar\u00e9is nuevos fieles al Pueblo de Dios; con el sacramento de la Penitencia perdonar\u00e9is los pecados en nombre de Cristo y de la Iglesia. Y aqu\u00ed- ha a\u00f1adido- quiero detenerme y pediros: Por el amor de Jesucristo, \u00a1no os cans\u00e9is nunca de ser misericordiosos, por favor! Tened la capacidad de perd\u00f3n que tuvo el Se\u00f1or, que no vino a condenar, sino a perdonar. \u00a1 Tened misericordia, tanta! Y si sent\u00eds el escr\u00fapulo de ser demasiado &#8221;perdonadores&#8221;, pensad en aquel santo sacerdote del que ya os he hablado, que iba ante el tabern\u00e1culo y dec\u00eda: &#8221;Se\u00f1or, perd\u00f3name si he perdonado demasiado. Pero has sido tu el que me ha dado mal ejemplo&#8221;. Y os lo digo de verdad: Me duele tanto cuando me encuentro con gente que ya no va a confesarse porque les han tratado mal, les han re\u00f1ido. Han sentido que les cerraban la puerta en la cara. Por favor, no lo hag\u00e1is: misericordia y misericordia. El buen pastor entra por la puerta y la puerta de la misericordia son las llagas del Se\u00f1or: Si no entr\u00e1is en vuestro ministerio a trav\u00e9s de las llagas del Se\u00f1or, no ser\u00e9is buenos pastores&#8221;.<\/p>\n<p>Por \u00faltimo, el Papa, ha citado a San Agust\u00edn, cuando hablaba &#8221;de los pastores que quer\u00edan gustarse a s\u00ed mismos, que usaban las ovejas del Se\u00f1or como comida y para vestirse, para revestirse de la majestad de un ministerio que no se sab\u00eda si era de Dios, En fin, participando en la misi\u00f3n de Cristo, cabeza y pastor, en comuni\u00f3n filial con vuestro obispo, empe\u00f1aros en unir a los fieles en una familia sola, para conducirlos a Dios Padre, por medio de Cristo en el Esp\u00edritu Santo. Tened siempre ante vuestros ojos el ejemplo del Buen Pastor, que no vino para ser servido sino para servir y para buscar y salvar lo que estaba perdido&#8221;.<\/p>\n<p>REGINA COELI: IMPORTUNAD A VUESTROS PASTORES PARA QUE OS DEN LA DOCTRINA<\/p>\n<p>Ciudad del Vaticano, 11 de mayo de 2014 (VIS).-A mediod\u00eda, despu\u00e9s de celebrar la misa de ordenaci\u00f3n de trece nuevos presb\u00edteros, el Santo Padre se asom\u00f3 a la ventana de su estudio para rezar el Regina Caeli con los fieles reunidos en la Plaza de San Pedro. Francisco coment\u00f3 el evangelio de hoy, la par\u00e1bola del Buen Pastor, que ejemplifica &#8221;el tipo de relaci\u00f3n que Jes\u00fas ten\u00eda con sus disc\u00edpulos: una relaci\u00f3n basada en la ternura, en el amor, en la comprensi\u00f3n mutua y en la promesa de un don incomparable: ?Yo he venido para que las ovejas tengan Vida, y la tengan en abundancia&#8221;.<\/p>\n<p>Esta relaci\u00f3n, ha dicho Francisco &#8221;es el modelo de las relaciones entre los cristianos y las relaciones humanas&#8221;, aunque &#8221;muchos tambi\u00e9n hoy, como en los tiempos de Jes\u00fas, se proponen como &#8220;pastores&#8221; de nuestras vidas; pero s\u00f3lo el Resucitado es el verdadero Pastor, que nos da la vida en abundancia&#8221;.<\/p>\n<p>Despu\u00e9s ha invitado a todos a rezar por los pastores de la Iglesia, por todos los obispos, &#8221;entre ellos el obispo de Roma, y por todos los sacerdotes. \u00a1por todos!. En particular recemos por los nuevos sacerdotes de la di\u00f3cesis de Roma, que he ordenado hace poco en la bas\u00edlica de San Pedro. \u00a1Un saludo a estos 13 sacerdotes!. Que el Se\u00f1or nos ayude a nosotros pastores, a ser siempre fieles al Maestro y gu\u00edas sabios e iluminados del pueblo de Dios que se nos ha confiado. Tambi\u00e9n a vosotros, por favor, os pido que nos ayud\u00e9is&#8230; a ser buenos pastores&#8221;.<\/p>\n<p>El Papa ha explicado a este prop\u00f3sito que una vez ley\u00f3 un texto de San Ces\u00e1reo de Arl\u00e9s, un padre de los primeros siglos de la Iglesia que escrib\u00eda como el pueblo de Dios, debe ayudar al pastor poniendo este ejemplo:&#8221; Cuando el ternero tiene hambre, va donde esta su madre, la vaca, para pedirle leche; pero ella no se la da r\u00e1pidamente; como si quisiera qued\u00e1rsela toda\u00bfY que hace el ternero? Empuja con el hocico las ubres de la vaca para que salga la leche. \u00a1Es una bella imagen! ?Vosotros ?dice este santo- ten\u00e9is que hacer lo mismo con los pastores: llamar siempre a su puerta, a su coraz\u00f3n, para que os den la leche de la doctrina, la leche de la gracia y la leche de la gu\u00eda?. Y os pido por favor, que importun\u00e9is a los pastores, que nos molest\u00e9is a todos nosotros pastores, para que os demos la leche de la gracia, de la doctrina y de la gu\u00eda. \u00a1Importunad! Pensad en la hermosa imagen del ternero que importuna a su mam\u00e1 para que le de de comer&#8221;.<\/p>\n<p>&#8221;Este domingo -ha proseguido- se celebra el D\u00eda Mundial de Oraci\u00f3n por las Vocaciones. En el mensaje de este a\u00f1o afirmaba que &#8220;toda vocaci\u00f3n requiere, en todo caso, un \u00e9xodo de s\u00ed mismos para centrar nuestras vidas en Cristo y en su Evangelio&#8221; Por esta raz\u00f3n, la llamada a seguir a Jes\u00fas entusiasma y compromete, al mismo tiempo&#8230;Recemos para que tambi\u00e9n en este tiempo, muchos j\u00f3venes sientan la voz del Se\u00f1or que corre siempre el riesgo de ser sofocada por tantas otras voces&#8221;.<\/p>\n<p>Despu\u00e9s de la oraci\u00f3n mariana el Obispo de Roma salud\u00f3 entre otros a las comunidades neocatecumenales que &#8221;en estos domingos de Pascua llevan el anuncio de Jes\u00fas resucitado a 100 plazas de Roma y a tantas ciudades del mundo. \u00a1El Se\u00f1or os d\u00e9 la alegr\u00eda del Evangelio! Y seguid adelante,que sois muy buenos&#8221;. Tambi\u00e9n mand\u00f3 una bendici\u00f3n especial a los ni\u00f1os y ni\u00f1as que en estos meses han recibido o recibir\u00e1n la Primera Comuni\u00f3n y, por \u00faltimo, invit\u00f3 a todos a dedicar &#8221;un recuerdo y una oraci\u00f3n a todas las madres&#8230; Confi\u00e1ndolas a la mam\u00e1 de Jes\u00fas, recemos a la Virgen por nuestras madres y por todas las madres&#8230; Un gran saludo a las mam\u00e1s: un saludo muy grande&#8221;.<\/p>\n<p>&nbsp;<\/p>\n<!-- AddThis Advanced Settings generic via filter on the_content --><!-- AddThis Share Buttons generic via filter on the_content -->","protected":false},"excerpt":{"rendered":"<p>NO OS CANS\u00c9IS DE SER MISERICORDIOSOS, DICE EL PAPA A LOS NUEVOS SACERDOTES Ciudad del Vaticano, 11 de mayo de 2014 (VIS).-Hoy, Jornada Mundial de [&hellip;]<!-- AddThis Advanced Settings generic via filter on get_the_excerpt --><!-- AddThis Share Buttons generic via filter on get_the_excerpt --><\/p>\n","protected":false},"author":2,"featured_media":5602,"comment_status":"open","ping_status":"closed","sticky":false,"template":"","format":"standard","meta":{"footnotes":""},"categories":[161],"tags":[],"class_list":["post-5601","post","type-post","status-publish","format-standard","has-post-thumbnail","hentry","category-el-papa-leonxiv"],"_links":{"self":[{"href":"https:\/\/obispadodezaratecampana.org\/index.php?rest_route=\/wp\/v2\/posts\/5601","targetHints":{"allow":["GET"]}}],"collection":[{"href":"https:\/\/obispadodezaratecampana.org\/index.php?rest_route=\/wp\/v2\/posts"}],"about":[{"href":"https:\/\/obispadodezaratecampana.org\/index.php?rest_route=\/wp\/v2\/types\/post"}],"author":[{"embeddable":true,"href":"https:\/\/obispadodezaratecampana.org\/index.php?rest_route=\/wp\/v2\/users\/2"}],"replies":[{"embeddable":true,"href":"https:\/\/obispadodezaratecampana.org\/index.php?rest_route=%2Fwp%2Fv2%2Fcomments&post=5601"}],"version-history":[{"count":1,"href":"https:\/\/obispadodezaratecampana.org\/index.php?rest_route=\/wp\/v2\/posts\/5601\/revisions"}],"predecessor-version":[{"id":5603,"href":"https:\/\/obispadodezaratecampana.org\/index.php?rest_route=\/wp\/v2\/posts\/5601\/revisions\/5603"}],"wp:featuredmedia":[{"embeddable":true,"href":"https:\/\/obispadodezaratecampana.org\/index.php?rest_route=\/wp\/v2\/media\/5602"}],"wp:attachment":[{"href":"https:\/\/obispadodezaratecampana.org\/index.php?rest_route=%2Fwp%2Fv2%2Fmedia&parent=5601"}],"wp:term":[{"taxonomy":"category","embeddable":true,"href":"https:\/\/obispadodezaratecampana.org\/index.php?rest_route=%2Fwp%2Fv2%2Fcategories&post=5601"},{"taxonomy":"post_tag","embeddable":true,"href":"https:\/\/obispadodezaratecampana.org\/index.php?rest_route=%2Fwp%2Fv2%2Ftags&post=5601"}],"curies":[{"name":"wp","href":"https:\/\/api.w.org\/{rel}","templated":true}]}}