{"id":5598,"date":"2014-05-12T23:18:44","date_gmt":"2014-05-13T02:18:44","guid":{"rendered":"http:\/\/obispadodezaratecampana.org\/?p=5598"},"modified":"2014-05-12T23:18:44","modified_gmt":"2014-05-13T02:18:44","slug":"a-las-obras-misionales-pontificias-la-evangelizacion-esta-llamada-a-empezar-por-los-ultimos","status":"publish","type":"post","link":"https:\/\/obispadodezaratecampana.org\/?p=5598","title":{"rendered":"A LAS OBRAS MISIONALES PONTIFICIAS: LA EVANGELIZACI\u00d3N EST\u00c1 LLAMADA A EMPEZAR POR LOS \u00daLTIMOS"},"content":{"rendered":"<p>Ciudad del Vaticano, 9 mayo 2014 (VIS).-La acci\u00f3n misionera es el paradigma de cualquier obra de la Iglesia, ha dicho el Santo Padre recibiendo en la ma\u00f1ana del 9 de mayo, a los participantes en el encuentro de las Obras Misionales Pontificias que tiene lugar estos d\u00edas en Roma.<\/p>\n<p>El Papa ha recordado que con su exhortaci\u00f3n apost\u00f3lica &#8221;Evangelii gaudium&#8221; quiso invitar a todos los fieles a una nueva estaci\u00f3n evangelizadora. &#8221;Evangelizar en este tiempo de grandes transformaciones sociales -ha dicho- requiere una Iglesia misionera, toda en salida, capaz de discernir y confrontarse con las diversas culturas y visiones del hombre. En un mundo en transformaci\u00f3n hace falta una Iglesia renovada y transformada de la contemplaci\u00f3n y el contacto personal con Cristo por la potencia del Esp\u00edritu&#8230;El nos da fuerza para emprender el camino misionero y la alegr\u00eda del anuncio para que la luz de Cristo ilumine a todos los que todav\u00eda no lo conocen o lo han rechazado. Por eso nos piden el valor de &#8216;llegar a todas las periferias que necesitan la luz del Evangelio&#8221;. No nos pueden detener ni nuestras debilidades, ni nuestros pecados, ni tantos impedimentos puestos al testimonio y a la proclamaci\u00f3n del Evangelio&#8221;.<\/p>\n<p>Despu\u00e9s ha reiterado que la Iglesia, &#8221;misionera por su naturaleza, tiene como prerrogativa fundamental el servicio de la caridad a todos&#8221; y que &#8221;la fraternidad y la solidaridad universal son connaturales a su vida y a su misi\u00f3n en el mundo y por el mundo&#8221;. La evangelizaci\u00f3n que &#8216;debe llegar a todos est\u00e1 llamada, sin embargo, a partir de los \u00faltimos, de los pobres, de los que tienen la espalda doblada por el peso de la fatiga y de la vida. Haciendo as\u00ed la Iglesia prolonga la misi\u00f3n de Cristo mismo&#8221;.<\/p>\n<p>La Iglesia es &#8221;el pueblo de las bienaventuranzas, la casa de los pobres, de los afligidos, de los excluidos y perseguidos, de los que tienen hambre y sed de justicia&#8221; y a los representantes de las obras misioneras se les pide que act\u00faen para que las comunidades eclesiales &#8221;acojan con amor preferente a los pobres, dejando abiertas las puertas de la Iglesia para que todos entren y encuentren refugio&#8221;.<\/p>\n<p>Las Obras Misionales Pontificias son &#8221;el instrumento privilegiado que llama a la &#8221;missio ad gentes&#8221; y se ocupa de ella con generosidad y el Papa invita a sus miembros a &#8221;promover la corresponsabilidad misionera&#8221; porque hacen mucha falta sacerdotes, consagrados y laicos que &#8221;aferrados por el amor de Cristo, est\u00e9n marcados con el fuego de la pasi\u00f3n por el Reino de Dios y disponibles a encaminarse por la senda de la evangelizaci\u00f3n&#8221;<\/p>\n<!-- AddThis Advanced Settings generic via filter on the_content --><!-- AddThis Share Buttons generic via filter on the_content -->","protected":false},"excerpt":{"rendered":"<p>Ciudad del Vaticano, 9 mayo 2014 (VIS).-La acci\u00f3n misionera es el paradigma de cualquier obra de la Iglesia, ha dicho el Santo Padre recibiendo en [&hellip;]<!-- AddThis Advanced Settings generic via filter on get_the_excerpt --><!-- AddThis Share Buttons generic via filter on get_the_excerpt --><\/p>\n","protected":false},"author":2,"featured_media":5599,"comment_status":"open","ping_status":"closed","sticky":false,"template":"","format":"standard","meta":{"footnotes":""},"categories":[161],"tags":[],"class_list":["post-5598","post","type-post","status-publish","format-standard","has-post-thumbnail","hentry","category-el-papa-leonxiv"],"_links":{"self":[{"href":"https:\/\/obispadodezaratecampana.org\/index.php?rest_route=\/wp\/v2\/posts\/5598","targetHints":{"allow":["GET"]}}],"collection":[{"href":"https:\/\/obispadodezaratecampana.org\/index.php?rest_route=\/wp\/v2\/posts"}],"about":[{"href":"https:\/\/obispadodezaratecampana.org\/index.php?rest_route=\/wp\/v2\/types\/post"}],"author":[{"embeddable":true,"href":"https:\/\/obispadodezaratecampana.org\/index.php?rest_route=\/wp\/v2\/users\/2"}],"replies":[{"embeddable":true,"href":"https:\/\/obispadodezaratecampana.org\/index.php?rest_route=%2Fwp%2Fv2%2Fcomments&post=5598"}],"version-history":[{"count":1,"href":"https:\/\/obispadodezaratecampana.org\/index.php?rest_route=\/wp\/v2\/posts\/5598\/revisions"}],"predecessor-version":[{"id":5600,"href":"https:\/\/obispadodezaratecampana.org\/index.php?rest_route=\/wp\/v2\/posts\/5598\/revisions\/5600"}],"wp:featuredmedia":[{"embeddable":true,"href":"https:\/\/obispadodezaratecampana.org\/index.php?rest_route=\/wp\/v2\/media\/5599"}],"wp:attachment":[{"href":"https:\/\/obispadodezaratecampana.org\/index.php?rest_route=%2Fwp%2Fv2%2Fmedia&parent=5598"}],"wp:term":[{"taxonomy":"category","embeddable":true,"href":"https:\/\/obispadodezaratecampana.org\/index.php?rest_route=%2Fwp%2Fv2%2Fcategories&post=5598"},{"taxonomy":"post_tag","embeddable":true,"href":"https:\/\/obispadodezaratecampana.org\/index.php?rest_route=%2Fwp%2Fv2%2Ftags&post=5598"}],"curies":[{"name":"wp","href":"https:\/\/api.w.org\/{rel}","templated":true}]}}