{"id":5595,"date":"2014-05-12T23:02:32","date_gmt":"2014-05-13T02:02:32","guid":{"rendered":"http:\/\/obispadodezaratecampana.org\/?p=5595"},"modified":"2014-05-12T23:02:32","modified_gmt":"2014-05-13T02:02:32","slug":"el-papa-a-la-junta-ejecutiva-de-la-onu-desafiar-todas-las-formas-de-la-injusticia","status":"publish","type":"post","link":"https:\/\/obispadodezaratecampana.org\/?p=5595","title":{"rendered":"EL PAPA A LA JUNTA EJECUTIVA DE LA ONU: DESAFIAR TODAS LAS FORMAS DE LA INJUSTICIA"},"content":{"rendered":"<p>Ciudad del Vaticano, 9 mayo 2014 (VIS).-El Papa Francisco ha recibido en la ma\u00f1ana del 9 de mayo al Secretario General de la ONU, Ban Ki Moon, y a los altos ejecutivos de los organismos, fondos y programas de las Naciones Unidas y de las Organizaciones especializadas, reunidos en Roma para el encuentro semestral de coordinaci\u00f3n estrat\u00e9gica de la Junta de los jefes ejecutivos del sistema de las Naciones Unidas.<\/p>\n<p>En su discurso el Pont\u00edfice ha dado las gracias a los principales responsables del sistema internacional, &#8221;por los grandes esfuerzos realizados por la paz mundial y por el respeto de la dignidad humana, por la protecci\u00f3n de las personas, especialmente de los m\u00e1s pobres o d\u00e9biles, y por el desarrollo econ\u00f3mico y social armonioso&#8221;. Tambi\u00e9n se ha congratulado por los resultados de los Objetivos de Desarrollo del Milenio, especialmente en t\u00e9rminos de educaci\u00f3n y disminuci\u00f3n de la pobreza extrema, a\u00f1adiendo que, sin embargo &#8221;no se debe perder de vista en el mismo tiempo que los pueblos merecen y esperan frutos a\u00fan mayores&#8221;, porque &#8221;una parte importante de la humanidad contin\u00faa excluida de los beneficios del progreso y relegada, de hecho, a seres de segunda categor\u00eda&#8221;.<\/p>\n<p>Por tanto los futuros Objetivos de Desarrollo Sostenible deben ser formulados &#8221;de modo que efectivamente lleguen a incidir sobre las causas estructurales de la pobreza y del hambre, consigan mejoras sustanciales en materia de preservaci\u00f3n del ambiente, garanticen un trabajo decente y \u00fatil para todos y den una protecci\u00f3n adecuada a la familia, elemento esencial de cualquier desarrollo econ\u00f3mico y social sostenibles. Se trata, en particular, de desafiar todas las formas de injusticia, oponi\u00e9ndose a la ?econom\u00eda de la exclusi\u00f3n?, a la ?cultura del descarte? y a la ?cultura de la muerte?, que, por desgracia, podr\u00edan llegar a convertirse en una mentalidad pasivamente aceptada&#8221;.<\/p>\n<p>El esp\u00edritu que deber\u00eda estar en el origen y en el fin de toda acci\u00f3n pol\u00edtica y econ\u00f3mica, -ha explicado el Santo Padre- debe ser el narrado en el encuentro de Jesucristo con el rico publicano Zaqueo, que tom\u00f3 una decisi\u00f3n radical de condivisi\u00f3n y de justicia cuando su conciencia fue despertada por la mirada de Jes\u00fas. &#8221;La mirada, muchas veces sin voz, de esa parte de la humanidad descartada, dejada atr\u00e1s -ha subrayado- tiene que remover la conciencia de los operadores pol\u00edticos y econ\u00f3micos y llevarles a decisiones magn\u00e1nimas y valientes, que tengan resultados inmediatos, como aquella decisi\u00f3n de Zaqueo. Hoy, en concreto, la conciencia de la dignidad de cada hermano, cuya vida es sagrada e inviolable desde su concepci\u00f3n hasta el fin natural, debe llevarnos a compartir, con gratuidad total, los bienes que la providencia divina ha puesto en nuestras manos, tanto las riquezas materiales como las de la inteligencia y del esp\u00edritu, y a restituir con generosidad y abundancia lo que injustamente podemos haber antes negado a los dem\u00e1s&#8221;.<\/p>\n<p>El episodio de Jesucristo y de Zaqueo nos ense\u00f1a que &#8221;por encima de los sistemas y teor\u00edas econ\u00f3micas y sociales, se debe promover siempre una apertura generosa, eficaz y concreta a las necesidades de los dem\u00e1s. Jes\u00fas no pide a Zaqueo que cambie de trabajo ni denuncia su actividad comercial, solo lo mueve a poner todo, libremente, pero inmediatamente y sin discusiones, al servicio de los hombres. Por eso, me atrevo a afirmar, siguiendo a mis predecesores que el progreso econ\u00f3mico y social equitativo solo se puede obtener uniendo las capacidades cient\u00edficas y t\u00e9cnicas con un empe\u00f1o solidario constante, acompa\u00f1ado de una gratuidad generosa y desinteresada a todos los niveles&#8217;.A este desarrollo equitativo contribuir\u00e1n as\u00ed tanto la acci\u00f3n internacional encaminada a conseguir un desarrollo humano integral en favor de todos los habitantes del planeta, como la leg\u00edtima redistribuci\u00f3n de los beneficios econ\u00f3micos por parte del Estado y la tambi\u00e9n indispensable colaboraci\u00f3n de la actividad econ\u00f3mica privada y de la sociedad civil&#8221;.<\/p>\n<p>&#8221;Por eso -ha concluido- mientras les aliento a continuar en este trabajo de coordinaci\u00f3n de la actividad de los Organismos internacionales, que es un servicio a todos los hombres, les invito a promover juntos una verdadera movilizaci\u00f3n \u00e9tica mundial que, m\u00e1s all\u00e1 de cualquier diferencia de credo o de opiniones pol\u00edticas, difunda y aplique un ideal com\u00fan de fraternidad y solidaridad, especialmente con los m\u00e1s pobres y excluidos&#8221;.<\/p>\n<p>&nbsp;<\/p>\n<!-- AddThis Advanced Settings generic via filter on the_content --><!-- AddThis Share Buttons generic via filter on the_content -->","protected":false},"excerpt":{"rendered":"<p>Ciudad del Vaticano, 9 mayo 2014 (VIS).-El Papa Francisco ha recibido en la ma\u00f1ana del 9 de mayo al Secretario General de la ONU, Ban [&hellip;]<!-- AddThis Advanced Settings generic via filter on get_the_excerpt --><!-- AddThis Share Buttons generic via filter on get_the_excerpt --><\/p>\n","protected":false},"author":2,"featured_media":5596,"comment_status":"open","ping_status":"closed","sticky":false,"template":"","format":"standard","meta":{"footnotes":""},"categories":[161],"tags":[],"class_list":["post-5595","post","type-post","status-publish","format-standard","has-post-thumbnail","hentry","category-el-papa-leonxiv"],"_links":{"self":[{"href":"https:\/\/obispadodezaratecampana.org\/index.php?rest_route=\/wp\/v2\/posts\/5595","targetHints":{"allow":["GET"]}}],"collection":[{"href":"https:\/\/obispadodezaratecampana.org\/index.php?rest_route=\/wp\/v2\/posts"}],"about":[{"href":"https:\/\/obispadodezaratecampana.org\/index.php?rest_route=\/wp\/v2\/types\/post"}],"author":[{"embeddable":true,"href":"https:\/\/obispadodezaratecampana.org\/index.php?rest_route=\/wp\/v2\/users\/2"}],"replies":[{"embeddable":true,"href":"https:\/\/obispadodezaratecampana.org\/index.php?rest_route=%2Fwp%2Fv2%2Fcomments&post=5595"}],"version-history":[{"count":1,"href":"https:\/\/obispadodezaratecampana.org\/index.php?rest_route=\/wp\/v2\/posts\/5595\/revisions"}],"predecessor-version":[{"id":5597,"href":"https:\/\/obispadodezaratecampana.org\/index.php?rest_route=\/wp\/v2\/posts\/5595\/revisions\/5597"}],"wp:featuredmedia":[{"embeddable":true,"href":"https:\/\/obispadodezaratecampana.org\/index.php?rest_route=\/wp\/v2\/media\/5596"}],"wp:attachment":[{"href":"https:\/\/obispadodezaratecampana.org\/index.php?rest_route=%2Fwp%2Fv2%2Fmedia&parent=5595"}],"wp:term":[{"taxonomy":"category","embeddable":true,"href":"https:\/\/obispadodezaratecampana.org\/index.php?rest_route=%2Fwp%2Fv2%2Fcategories&post=5595"},{"taxonomy":"post_tag","embeddable":true,"href":"https:\/\/obispadodezaratecampana.org\/index.php?rest_route=%2Fwp%2Fv2%2Ftags&post=5595"}],"curies":[{"name":"wp","href":"https:\/\/api.w.org\/{rel}","templated":true}]}}