{"id":5587,"date":"2014-05-08T15:10:52","date_gmt":"2014-05-08T18:10:52","guid":{"rendered":"http:\/\/obispadodezaratecampana.org\/?p=5587"},"modified":"2014-05-08T15:17:21","modified_gmt":"2014-05-08T18:17:21","slug":"centenario-24-de-mayo-de-1914-al-24-de-mayo-del-2014","status":"publish","type":"post","link":"https:\/\/obispadodezaratecampana.org\/?p=5587","title":{"rendered":"Centenario: 24 de mayo de 1914 al 24 de mayo del 2014"},"content":{"rendered":"<p>Invitaci\u00f3n de la comunidad de San Antonio de Padua:<\/p>\n<p><em>La Parroquia San Antonio de Padua, en Ingeniero Maschwitz (Escobar), prepara con gran alegr\u00eda los 100 a\u00f1os de la bendici\u00f3n de su Iglesia.<\/em><br \/>\n<em>Invitamos a compartir nuestros festejos de acci\u00f3n de gracias \u00a0al Se\u00f1or por el aniversario : el pr\u00f3ximo 24 de mayo, con la solemne procesi\u00f3n a las 16 hs. y la Sta. Misa, presidida por S.E.R. Mons. Oscar Sarlinga, a las 17 hs.<\/em><\/p>\n<p><em>Los invitamos a unirse en oraci\u00f3n con nosotros compartiendo la novena que iniciamos el jueves 15 de mayo (ver el detalle en las imagenes adjuntas en esta nota y\/o en perfil de facebook al que hacemos referencia debajo)<\/em><\/p>\n<p>El enlace de facebook de esta parroquia:<\/p>\n<p><a title=\"padua\" href=\"https:\/\/www.facebook.com\/centenario.deltemplosanantoniodepadua?fref=ts\">https:\/\/www.facebook.com\/centenario.deltemplosanantoniodepadua?fref=ts<\/a><\/p>\n<!-- AddThis Advanced Settings generic via filter on the_content --><!-- AddThis Share Buttons generic via filter on the_content -->","protected":false},"excerpt":{"rendered":"<p>Invitaci\u00f3n de la comunidad de San Antonio de Padua: La Parroquia San Antonio de Padua, en Ingeniero Maschwitz (Escobar), prepara con gran alegr\u00eda los 100 [&hellip;]<!-- AddThis Advanced Settings generic via filter on get_the_excerpt --><!-- AddThis Share Buttons generic via filter on get_the_excerpt --><\/p>\n","protected":false},"author":2,"featured_media":5588,"comment_status":"open","ping_status":"closed","sticky":false,"template":"","format":"standard","meta":{"footnotes":""},"categories":[3],"tags":[],"class_list":["post-5587","post","type-post","status-publish","format-standard","has-post-thumbnail","hentry","category-noticiasparroquiales"],"_links":{"self":[{"href":"https:\/\/obispadodezaratecampana.org\/index.php?rest_route=\/wp\/v2\/posts\/5587","targetHints":{"allow":["GET"]}}],"collection":[{"href":"https:\/\/obispadodezaratecampana.org\/index.php?rest_route=\/wp\/v2\/posts"}],"about":[{"href":"https:\/\/obispadodezaratecampana.org\/index.php?rest_route=\/wp\/v2\/types\/post"}],"author":[{"embeddable":true,"href":"https:\/\/obispadodezaratecampana.org\/index.php?rest_route=\/wp\/v2\/users\/2"}],"replies":[{"embeddable":true,"href":"https:\/\/obispadodezaratecampana.org\/index.php?rest_route=%2Fwp%2Fv2%2Fcomments&post=5587"}],"version-history":[{"count":2,"href":"https:\/\/obispadodezaratecampana.org\/index.php?rest_route=\/wp\/v2\/posts\/5587\/revisions"}],"predecessor-version":[{"id":5593,"href":"https:\/\/obispadodezaratecampana.org\/index.php?rest_route=\/wp\/v2\/posts\/5587\/revisions\/5593"}],"wp:featuredmedia":[{"embeddable":true,"href":"https:\/\/obispadodezaratecampana.org\/index.php?rest_route=\/wp\/v2\/media\/5588"}],"wp:attachment":[{"href":"https:\/\/obispadodezaratecampana.org\/index.php?rest_route=%2Fwp%2Fv2%2Fmedia&parent=5587"}],"wp:term":[{"taxonomy":"category","embeddable":true,"href":"https:\/\/obispadodezaratecampana.org\/index.php?rest_route=%2Fwp%2Fv2%2Fcategories&post=5587"},{"taxonomy":"post_tag","embeddable":true,"href":"https:\/\/obispadodezaratecampana.org\/index.php?rest_route=%2Fwp%2Fv2%2Ftags&post=5587"}],"curies":[{"name":"wp","href":"https:\/\/api.w.org\/{rel}","templated":true}]}}