{"id":5578,"date":"2014-05-08T14:11:13","date_gmt":"2014-05-08T17:11:13","guid":{"rendered":"http:\/\/obispadodezaratecampana.org\/?p=5578"},"modified":"2014-05-08T14:11:13","modified_gmt":"2014-05-08T17:11:13","slug":"audiencia-general-7-de-mayo-el-don-del-consejo","status":"publish","type":"post","link":"https:\/\/obispadodezaratecampana.org\/?p=5578","title":{"rendered":"AUDIENCIA GENERAL 7 DE MAYO: EL DON DEL CONSEJO"},"content":{"rendered":"<p>Ciudad del Vaticano, 7 mayo 2014 (VIS).- El consejo, don con que el Esp\u00edritu Santo nos capacita para tomar decisiones concretas siguiendo la l\u00f3gica de Jes\u00fas y del Evangelio, ha sido el tema de la catequesis del Papa Francisco durante la audiencia general de los mi\u00e9rcoles.<\/p>\n<p>El Esp\u00edritu &#8221;nos ayuda a crecer interiormente y positivamente en la comunidad y a no caer presa del ego\u00edsmo ni de nuestra forma de ver las cosas&#8221;. &#8221;La condici\u00f3n esencial para conservar este don es la oraci\u00f3n&#8221; ha dicho el Santo Padre, explicando que todos podemos rezar las oraciones que hemos aprendido de peque\u00f1os, pero tambi\u00e9n dirigirnos a Dios con nuestras palabras: &#8221;Se\u00f1or, ay\u00fadame, acons\u00e9jame: \u00bfQu\u00e9 tengo que hacer ahora? Y con la oraci\u00f3n hacemos espacio para que el Esp\u00edritu venga y nos ayude en ese momento, nos aconseje que debemos hacer. Nunca tenemos que olvidarnos de rezar. Ninguno se da cuenta cuando rezamos en el autob\u00fas o por la calle: recemos en silencio.. Aprovechemos estos momentos para rezar&#8230; para que el Esp\u00edritu Santo nos conceda el don del consejo&#8221;.<\/p>\n<p>&#8221;En la intimidad con Dios y escuchando su palabra, dejamos de lado, poco a poco, nuestra l\u00f3gica personal &#8230; y en nosotros madura una sinton\u00eda profunda con el Se\u00f1or que nos lleva , en cambio, a preguntarnos cual es su voluntad. Es el Esp\u00edritu el que nos aconseja, pero nosotros tenemos que dejarle espacio para que lo haga. Dar espacio y rezar para que nos ayude siempre&#8221;.<\/p>\n<p>Y, al igual que los dem\u00e1s dones del Esp\u00edritu Santo, el consejo es &#8221;un tesoro para toda la comunidad cristiana&#8221;, porque el Se\u00f1or no nos habla &#8221;s\u00f3lo en la intimidad del coraz\u00f3n, sino tambi\u00e9n a trav\u00e9s de la voz y el testimonio de los hermanos&#8230; que nos ayudan a arrojar luz en nuestras vidas y a reconocer la voluntad del Se\u00f1or&#8221;. Francisco ha recordado a este prop\u00f3sito que una vez en la di\u00f3cesis argentina de Luj\u00e1n, un chico &#8221;con tatuajes y pendientes y todas esas cosas&#8221; le expuso en el confesionario una situaci\u00f3n muy grave diciendo que su madre le hab\u00eda aconsejado que se dirigiera a la Virgen. &#8221;Era una mujer con el don del consejo -ha observado el pont\u00edfice- Esa madre no sab\u00eda como salir del problema de su hijo pero le indic\u00f3 el camino acertado&#8230; Y efectivamente el chico me dijo: &#8221;Mir\u00e9 a la Virgen y sent\u00ed que ten\u00eda que hacer esto y lo otro&#8221;. ?Yo no tuve ni que hablar &#8211; ha rememorado el Papa- ya hab\u00edan dicho todo esa madre y ese hijo. Ese es el don del consejo y vosotras madres, que ya lo ten\u00e9is, pedidlo para vuestros hijos. El don de aconsejar a los hijos es un don de Dios&#8221;.<\/p>\n<p>Francisco ha concluido citando el Salmo 16 que dice: &#8220;Bendecir\u00e9 a Yahve que me aconseja; a\u00fan de noche me instruye. Tengo siempre presente al Se\u00f1or, con \u00e9l a mi derecha no vacilar\u00e9&#8221;. &#8221;\u00a1Que el Esp\u00edritu -ha concluido- infunda siempre en nuestros corazones esta certeza y nos colme as\u00ed, de su consuelo y su paz y pedid siempre el don del consejo!&#8221;.<\/p>\n<p>&nbsp;<\/p>\n<!-- AddThis Advanced Settings generic via filter on the_content --><!-- AddThis Share Buttons generic via filter on the_content -->","protected":false},"excerpt":{"rendered":"<p>Ciudad del Vaticano, 7 mayo 2014 (VIS).- El consejo, don con que el Esp\u00edritu Santo nos capacita para tomar decisiones concretas siguiendo la l\u00f3gica de [&hellip;]<!-- AddThis Advanced Settings generic via filter on get_the_excerpt --><!-- AddThis Share Buttons generic via filter on get_the_excerpt --><\/p>\n","protected":false},"author":2,"featured_media":5580,"comment_status":"open","ping_status":"closed","sticky":false,"template":"","format":"standard","meta":{"footnotes":""},"categories":[161],"tags":[],"class_list":["post-5578","post","type-post","status-publish","format-standard","has-post-thumbnail","hentry","category-el-papa-leonxiv"],"_links":{"self":[{"href":"https:\/\/obispadodezaratecampana.org\/index.php?rest_route=\/wp\/v2\/posts\/5578","targetHints":{"allow":["GET"]}}],"collection":[{"href":"https:\/\/obispadodezaratecampana.org\/index.php?rest_route=\/wp\/v2\/posts"}],"about":[{"href":"https:\/\/obispadodezaratecampana.org\/index.php?rest_route=\/wp\/v2\/types\/post"}],"author":[{"embeddable":true,"href":"https:\/\/obispadodezaratecampana.org\/index.php?rest_route=\/wp\/v2\/users\/2"}],"replies":[{"embeddable":true,"href":"https:\/\/obispadodezaratecampana.org\/index.php?rest_route=%2Fwp%2Fv2%2Fcomments&post=5578"}],"version-history":[{"count":1,"href":"https:\/\/obispadodezaratecampana.org\/index.php?rest_route=\/wp\/v2\/posts\/5578\/revisions"}],"predecessor-version":[{"id":5581,"href":"https:\/\/obispadodezaratecampana.org\/index.php?rest_route=\/wp\/v2\/posts\/5578\/revisions\/5581"}],"wp:featuredmedia":[{"embeddable":true,"href":"https:\/\/obispadodezaratecampana.org\/index.php?rest_route=\/wp\/v2\/media\/5580"}],"wp:attachment":[{"href":"https:\/\/obispadodezaratecampana.org\/index.php?rest_route=%2Fwp%2Fv2%2Fmedia&parent=5578"}],"wp:term":[{"taxonomy":"category","embeddable":true,"href":"https:\/\/obispadodezaratecampana.org\/index.php?rest_route=%2Fwp%2Fv2%2Fcategories&post=5578"},{"taxonomy":"post_tag","embeddable":true,"href":"https:\/\/obispadodezaratecampana.org\/index.php?rest_route=%2Fwp%2Fv2%2Ftags&post=5578"}],"curies":[{"name":"wp","href":"https:\/\/api.w.org\/{rel}","templated":true}]}}