{"id":5556,"date":"2014-05-08T12:55:41","date_gmt":"2014-05-08T15:55:41","guid":{"rendered":"http:\/\/obispadodezaratecampana.org\/?p=5556"},"modified":"2014-05-08T12:56:54","modified_gmt":"2014-05-08T15:56:54","slug":"jueves-8-de-mayo-patronales-en-zarate","status":"publish","type":"post","link":"https:\/\/obispadodezaratecampana.org\/?p=5556","title":{"rendered":"Jueves 8 de mayo: Patronales en Z\u00e1rate"},"content":{"rendered":"<p>Parroquia Ntra. Sra. de Lujan &#8211; Z\u00e1rate-: 18 hs Procesi\u00f3n y luego Misa (aproximadamente a las 19 hs) Estan todos invitados a participar de la celebraci\u00f3n en honor a nuestra Madre del Cielo.<\/p>\n<p><a href=\"http:\/\/obispadodezaratecampana.org\/wp-content\/uploads\/2014\/05\/lujan.jpg\"><img fetchpriority=\"high\" decoding=\"async\" class=\"aligncenter size-medium wp-image-5557\" alt=\"lujan\" src=\"http:\/\/obispadodezaratecampana.org\/wp-content\/uploads\/2014\/05\/lujan-300x225.jpg\" width=\"300\" height=\"225\" srcset=\"https:\/\/obispadodezaratecampana.org\/wp-content\/uploads\/2014\/05\/lujan-300x225.jpg 300w, https:\/\/obispadodezaratecampana.org\/wp-content\/uploads\/2014\/05\/lujan.jpg 960w\" sizes=\"(max-width: 300px) 100vw, 300px\" \/><\/a><\/p>\n<p>Este es el enlace &#8211; en facebook- de la Pquia. Ntra. Sra. de Luj\u00e1n en Z\u00e1rate:<\/p>\n<p><a title=\"lujan \" href=\"https:\/\/www.facebook.com\/parroquianuestrasradelujan.zarate?fref=ts\">https:\/\/www.facebook.com\/parroquianuestrasradelujan.zarate?fref=ts<\/a><\/p>\n<!-- AddThis Advanced Settings generic via filter on the_content --><!-- AddThis Share Buttons generic via filter on the_content -->","protected":false},"excerpt":{"rendered":"<p>Parroquia Ntra. Sra. de Lujan &#8211; Z\u00e1rate-: 18 hs Procesi\u00f3n y luego Misa (aproximadamente a las 19 hs) Estan todos invitados a participar de la [&hellip;]<!-- AddThis Advanced Settings generic via filter on get_the_excerpt --><!-- AddThis Share Buttons generic via filter on get_the_excerpt --><\/p>\n","protected":false},"author":2,"featured_media":5558,"comment_status":"open","ping_status":"closed","sticky":false,"template":"","format":"standard","meta":{"footnotes":""},"categories":[3],"tags":[],"class_list":["post-5556","post","type-post","status-publish","format-standard","has-post-thumbnail","hentry","category-noticiasparroquiales"],"_links":{"self":[{"href":"https:\/\/obispadodezaratecampana.org\/index.php?rest_route=\/wp\/v2\/posts\/5556","targetHints":{"allow":["GET"]}}],"collection":[{"href":"https:\/\/obispadodezaratecampana.org\/index.php?rest_route=\/wp\/v2\/posts"}],"about":[{"href":"https:\/\/obispadodezaratecampana.org\/index.php?rest_route=\/wp\/v2\/types\/post"}],"author":[{"embeddable":true,"href":"https:\/\/obispadodezaratecampana.org\/index.php?rest_route=\/wp\/v2\/users\/2"}],"replies":[{"embeddable":true,"href":"https:\/\/obispadodezaratecampana.org\/index.php?rest_route=%2Fwp%2Fv2%2Fcomments&post=5556"}],"version-history":[{"count":2,"href":"https:\/\/obispadodezaratecampana.org\/index.php?rest_route=\/wp\/v2\/posts\/5556\/revisions"}],"predecessor-version":[{"id":5561,"href":"https:\/\/obispadodezaratecampana.org\/index.php?rest_route=\/wp\/v2\/posts\/5556\/revisions\/5561"}],"wp:featuredmedia":[{"embeddable":true,"href":"https:\/\/obispadodezaratecampana.org\/index.php?rest_route=\/wp\/v2\/media\/5558"}],"wp:attachment":[{"href":"https:\/\/obispadodezaratecampana.org\/index.php?rest_route=%2Fwp%2Fv2%2Fmedia&parent=5556"}],"wp:term":[{"taxonomy":"category","embeddable":true,"href":"https:\/\/obispadodezaratecampana.org\/index.php?rest_route=%2Fwp%2Fv2%2Fcategories&post=5556"},{"taxonomy":"post_tag","embeddable":true,"href":"https:\/\/obispadodezaratecampana.org\/index.php?rest_route=%2Fwp%2Fv2%2Ftags&post=5556"}],"curies":[{"name":"wp","href":"https:\/\/api.w.org\/{rel}","templated":true}]}}