{"id":5544,"date":"2014-05-06T00:10:06","date_gmt":"2014-05-06T03:10:06","guid":{"rendered":"http:\/\/obispadodezaratecampana.org\/?p=5544"},"modified":"2014-05-06T00:25:31","modified_gmt":"2014-05-06T03:25:31","slug":"delibera-en-pilar-la-107a-asamblea-plenaria-de-la-conferencia-episcopal-con-un-importante-temario","status":"publish","type":"post","link":"https:\/\/obispadodezaratecampana.org\/?p=5544","title":{"rendered":"Delibera en Pilar la 107\u00aa Asamblea Plenaria de la Conferencia Episcopal"},"content":{"rendered":"<p>A partir de este lunes 5 de mayo por la tarde, tendr\u00e1 lugar la 107\u00ba Asamblea Plenaria de los Obispos de la Conferencia Episcopal Argentina en El Cen\u00e1culo-La Montonera (Pilar, Buenos Aires). Esta ser\u00e1 presidida por el Arzobispo de Santa Fe y Presidente de la Conferencia Episcopal, Mons. Jos\u00e9 Mar\u00eda Arancedo y participan de esta reuni\u00f3n todos los Obispos del pa\u00eds. El temario previsto incluye Intercambio Pastoral sobre la realidad social y pastoral del pa\u00eds; Evangelizaci\u00f3n y misi\u00f3n: an\u00e1lisis y reflexi\u00f3n sobre la exhortaci\u00f3n apost\u00f3lica \u201cEvangelii Gaudium\u201d del Papa Francisco y sus propuestas program\u00e1ticas; la pastoral familiar de cara al S\u00ednodo Extraordinario; la pastoral educativa: La tarea educativa de la Iglesia camino a la celebraci\u00f3n del Bicentenario 2016; Congreso Eucar\u00edstico Nacional en Tucum\u00e1n, Informes de diversas Comisiones Episcopales y temas varios. Esta Asamblea Plenaria culminar\u00e1 el s\u00e1bado 10 de mayo. Fuente:\u00a0<a title=\"montonera\" href=\"https:\/\/www.facebook.com\/pages\/Cadena-Santa-MARIA\/349422915176146?fref=ts\">https:\/\/www.facebook.com\/pages\/Cadena-Santa-MARIA\/349422915176146?fref=ts<\/a><\/p>\n<!-- AddThis Advanced Settings generic via filter on the_content --><!-- AddThis Share Buttons generic via filter on the_content -->","protected":false},"excerpt":{"rendered":"<p>A partir de este lunes 5 de mayo por la tarde, tendr\u00e1 lugar la 107\u00ba Asamblea Plenaria de los Obispos de la Conferencia Episcopal Argentina [&hellip;]<!-- AddThis Advanced Settings generic via filter on get_the_excerpt --><!-- AddThis Share Buttons generic via filter on get_the_excerpt --><\/p>\n","protected":false},"author":2,"featured_media":5545,"comment_status":"open","ping_status":"closed","sticky":false,"template":"","format":"standard","meta":{"footnotes":""},"categories":[5],"tags":[],"class_list":["post-5544","post","type-post","status-publish","format-standard","has-post-thumbnail","hentry","category-generales"],"_links":{"self":[{"href":"https:\/\/obispadodezaratecampana.org\/index.php?rest_route=\/wp\/v2\/posts\/5544","targetHints":{"allow":["GET"]}}],"collection":[{"href":"https:\/\/obispadodezaratecampana.org\/index.php?rest_route=\/wp\/v2\/posts"}],"about":[{"href":"https:\/\/obispadodezaratecampana.org\/index.php?rest_route=\/wp\/v2\/types\/post"}],"author":[{"embeddable":true,"href":"https:\/\/obispadodezaratecampana.org\/index.php?rest_route=\/wp\/v2\/users\/2"}],"replies":[{"embeddable":true,"href":"https:\/\/obispadodezaratecampana.org\/index.php?rest_route=%2Fwp%2Fv2%2Fcomments&post=5544"}],"version-history":[{"count":3,"href":"https:\/\/obispadodezaratecampana.org\/index.php?rest_route=\/wp\/v2\/posts\/5544\/revisions"}],"predecessor-version":[{"id":5549,"href":"https:\/\/obispadodezaratecampana.org\/index.php?rest_route=\/wp\/v2\/posts\/5544\/revisions\/5549"}],"wp:featuredmedia":[{"embeddable":true,"href":"https:\/\/obispadodezaratecampana.org\/index.php?rest_route=\/wp\/v2\/media\/5545"}],"wp:attachment":[{"href":"https:\/\/obispadodezaratecampana.org\/index.php?rest_route=%2Fwp%2Fv2%2Fmedia&parent=5544"}],"wp:term":[{"taxonomy":"category","embeddable":true,"href":"https:\/\/obispadodezaratecampana.org\/index.php?rest_route=%2Fwp%2Fv2%2Fcategories&post=5544"},{"taxonomy":"post_tag","embeddable":true,"href":"https:\/\/obispadodezaratecampana.org\/index.php?rest_route=%2Fwp%2Fv2%2Ftags&post=5544"}],"curies":[{"name":"wp","href":"https:\/\/api.w.org\/{rel}","templated":true}]}}