{"id":5540,"date":"2014-05-06T00:03:09","date_gmt":"2014-05-06T03:03:09","guid":{"rendered":"http:\/\/obispadodezaratecampana.org\/?p=5540"},"modified":"2014-05-06T00:46:00","modified_gmt":"2014-05-06T03:46:00","slug":"107-asamblea-plenaria-de-la-conferencia-episcopal-argentina","status":"publish","type":"post","link":"https:\/\/obispadodezaratecampana.org\/?p=5540","title":{"rendered":"107\u00b0 Asamblea Plenaria de la Conferencia Episcopal Argentina"},"content":{"rendered":"<p><strong>Misa de Apertura &#8211;\u00a0Homil\u00eda de Mons. Arancedo.<\/strong><\/p>\n<p><strong>Pilar, 5 de mayo de 2014<\/strong><\/p>\n<p>Queridos hermanos:<\/p>\n<p>Iniciamos con la celebraci\u00f3n de esta eucarist\u00eda nuestra 107\u00b0 Asamblea Plenaria, poni\u00e9ndonos en presencia de Dios, pidiendo la asistencia de su Esp\u00edritu y renovando nuestro compromiso al servicio del Pueblo de Dios. Vivamos con gratitud este encuentro que fortalece nuestro afecto colegial y servicio pastoral. En la proclamaci\u00f3n de la Palabra de Dios hemos escuchado la respuesta que da el Se\u00f1or a la pregunta de los ap\u00f3stoles: \u00bfQu\u00e9 debemos hacer para realizar las obras de Dios? En ella se nos habla de una actitud de fe y de entrega generosa a su persona y su palabra: \u201cLa obra de Dios, nos dice, es que ustedes crean en aquel que \u00e9l ha enviado\u201d (Jn. 6, 28-29). Pidamos la gracia de ser humildes disc\u00edpulos del Se\u00f1or para escuchar su voz, amar y servir su obra.<\/p>\n<p>Traemos de nuestras di\u00f3cesis las experiencias, realizaciones y preocupaciones de nuestra gente, ello nos permitir\u00e1 evaluar el camino recorrido en el marco de las \u201cOrientaciones Pastorales para el trienio 2011-2014\u201d, como proyectar nuevas acciones. Nuestra reflexi\u00f3n es de pastores fieles a la palabra del Se\u00f1or y al magisterio de la Iglesia pero se alimenta, tambi\u00e9n, de esa cercan\u00eda con nuestra gente donde vemos y escuchamos sus necesidades, angustias y esperanzas. Esto nos enriquece y compromete nuestra palabra y acciones pastorales. Somos pastores, nuestra palabra reconoce su fuente en el amor y la misericordia del Padre, que ha enviado su Hijo al mundo para salvarlo. Es una palabra que ama y discierne, que preside y sirve, que acompa\u00f1a y orienta. Que nuestra palabra sea, Se\u00f1or, expresi\u00f3n de ese \u201cofficium amoris\u201d al que hemos sido llamados para apacentar tu grey. Contamos, y se lo agradecemos nuevamente al Santo Padre, con la Exhortaci\u00f3n Apost\u00f3lica Evangelii Gaudium que nos anima y confirma en el camino de una Iglesia evangelizadora.<\/p>\n<p>Frente a las necesidades materiales y espirituales de nuestro pueblo, no ser\u00edamos fieles al Evangelio, sino fu\u00e9semos testigos de una palabra prof\u00e9tica y de esperanza. La profec\u00eda busca, desde el amor salv\u00edfico de Dios manifestado en Jesucristo, el bien del hombre. Es una palabra que, incluso en la denuncia, s\u00f3lo busca ser fiel a Jesucristo. Nuestra esperanza tiene su fuerza y ra\u00edz en Dios, cuya expresi\u00f3n mayor de su amor venimos de celebrar en la Pascua. Nuestra palabra de pastores se enriquece, adem\u00e1s, con la voz de nuestros fieles que se hace compromiso y oraci\u00f3n en nuestras comunidades. El testimonio de su fe, de su palabra y oraci\u00f3n, nos hablan de esa presencia de Dios en el coraz\u00f3n del hombre a quien buscan, en quien conf\u00edan y en quien necesitan apoyarse, porque lo perciben y reconocen como fuente de raz\u00f3n y justicia, de vida y de paz. \u00a1Cu\u00e1nta ense\u00f1anza recibimos de esta fe sencilla y profunda de nuestros hermanos!<\/p>\n<p>Hemos hablado con preocupaci\u00f3n del delito de la droga con su rostro de violencia e inseguridad, como de negocio y de muerte. Es necesaria una actitud definida frente a lo que no dudamos en llamar el delito del narcotr\u00e1fico. Sabemos, por otra parte, que este flagelo tiene ra\u00edces muy profundas. Hay una orfandad social y afectiva en muchos j\u00f3venes que los hace presa f\u00e1cil de una sociedad que en su af\u00e1n de lucro no tiene l\u00edmites. La trasmisi\u00f3n y asimilaci\u00f3n de valores, es esencial para crecer en un una sociedad de hombres libres. No hay aut\u00e9ntica libertad sin una referencia al bien y a la verdad. Por ello, s\u00f3lo una cultura fundada en los valores como en la ejemplaridad de sus mayores, va a fortalecer y orientar a la persona en el ejercicio de su libertad.<\/p>\n<p>Es importante, para ello, volver la mirada a la familia y a la escuela como lugares privilegiados en la trasmisi\u00f3n de cultura, de convivencia y proyectos de vida. Estas realidades que necesitan de una fuerte presencia del Evangelio, para iluminar y fortalecer su camino. Recuerdo, en este marco, la riqueza de aquel contenido del n\u00facleo evangelizador de Nuestras L\u00edneas Pastorales, cuando dec\u00edamos: \u201cla Iglesia necesita, con su predicaci\u00f3n y testimonio, suscitar, consolidar y madurar la fe en Dios, Padre de nuestro Se\u00f1or Jesucristo, present\u00e1ndola como un potencial que sana, afianza, y promueve la dignidad del hombre\u201d (n\u00b0 16). Hoy m\u00e1s que nunca es actual y necesaria la predicaci\u00f3n del Evangelio, como verdad que da sentido a la vida del hombre y le descubre su dignidad de hijo de Dios. Siempre la evangelizaci\u00f3n ser\u00e1 nuestro mayor servicio al hombre, a la cultura y a la sociedad.<\/p>\n<p style=\"text-align: left;\">Damos comienzo a nuestra 107\u00b0 Asamblea Plenaria, pr\u00f3ximo a cumplirse 40 a\u00f1os de la muerte del Padre Carlos Mugica. Este hecho est\u00e1 presente en la memoria de la Iglesia. Fue, en aquellos a\u00f1os duros y tristes de nuestra Patria, v\u00edctima de un asesinato. Fue un sacerdote que vivi\u00f3 su fe y ministerio en comuni\u00f3n con la Iglesia y al servicio de los m\u00e1s necesitados, que a\u00fan lo recuerdan con gratitud, cari\u00f1o y dolor. Elevemos nuestra oraci\u00f3n por \u00e9l, por nuestro hermano Carlos, y pidamos al Se\u00f1or que, junto a la verdad y a la justicia, avancemos en el camino de la concordia y la reconciliaci\u00f3n entre los argentinos, como parte de una cultura del encuentro que nos debemos y que nos permitir\u00e1 construir una Patria m\u00e1s unida, m\u00e1s fraterna y solidaria. Que Mar\u00eda Sant\u00edsima, Nuestra Madre de Luj\u00e1n, nos acompa\u00f1e en los trabajos que hoy iniciamos.<br \/>\nMons. Jos\u00e9 Mar\u00eda Arancedo<br \/>\nArzobispo de Santa Fe de la Vera Cruz<br \/>\nPresidente de la Conferencia Episcopal Argentina<\/p>\n<!-- AddThis Advanced Settings generic via filter on the_content --><!-- AddThis Share Buttons generic via filter on the_content -->","protected":false},"excerpt":{"rendered":"<p>Misa de Apertura &#8211;\u00a0Homil\u00eda de Mons. Arancedo. Pilar, 5 de mayo de 2014 Queridos hermanos: Iniciamos con la celebraci\u00f3n de esta eucarist\u00eda nuestra 107\u00b0 Asamblea [&hellip;]<!-- AddThis Advanced Settings generic via filter on get_the_excerpt --><!-- AddThis Share Buttons generic via filter on get_the_excerpt --><\/p>\n","protected":false},"author":2,"featured_media":5551,"comment_status":"open","ping_status":"closed","sticky":false,"template":"","format":"standard","meta":{"footnotes":""},"categories":[5],"tags":[],"class_list":["post-5540","post","type-post","status-publish","format-standard","has-post-thumbnail","hentry","category-generales"],"_links":{"self":[{"href":"https:\/\/obispadodezaratecampana.org\/index.php?rest_route=\/wp\/v2\/posts\/5540","targetHints":{"allow":["GET"]}}],"collection":[{"href":"https:\/\/obispadodezaratecampana.org\/index.php?rest_route=\/wp\/v2\/posts"}],"about":[{"href":"https:\/\/obispadodezaratecampana.org\/index.php?rest_route=\/wp\/v2\/types\/post"}],"author":[{"embeddable":true,"href":"https:\/\/obispadodezaratecampana.org\/index.php?rest_route=\/wp\/v2\/users\/2"}],"replies":[{"embeddable":true,"href":"https:\/\/obispadodezaratecampana.org\/index.php?rest_route=%2Fwp%2Fv2%2Fcomments&post=5540"}],"version-history":[{"count":2,"href":"https:\/\/obispadodezaratecampana.org\/index.php?rest_route=\/wp\/v2\/posts\/5540\/revisions"}],"predecessor-version":[{"id":5550,"href":"https:\/\/obispadodezaratecampana.org\/index.php?rest_route=\/wp\/v2\/posts\/5540\/revisions\/5550"}],"wp:featuredmedia":[{"embeddable":true,"href":"https:\/\/obispadodezaratecampana.org\/index.php?rest_route=\/wp\/v2\/media\/5551"}],"wp:attachment":[{"href":"https:\/\/obispadodezaratecampana.org\/index.php?rest_route=%2Fwp%2Fv2%2Fmedia&parent=5540"}],"wp:term":[{"taxonomy":"category","embeddable":true,"href":"https:\/\/obispadodezaratecampana.org\/index.php?rest_route=%2Fwp%2Fv2%2Fcategories&post=5540"},{"taxonomy":"post_tag","embeddable":true,"href":"https:\/\/obispadodezaratecampana.org\/index.php?rest_route=%2Fwp%2Fv2%2Ftags&post=5540"}],"curies":[{"name":"wp","href":"https:\/\/api.w.org\/{rel}","templated":true}]}}