{"id":5535,"date":"2014-05-05T12:36:48","date_gmt":"2014-05-05T15:36:48","guid":{"rendered":"http:\/\/obispadodezaratecampana.org\/?p=5535"},"modified":"2014-05-08T14:41:13","modified_gmt":"2014-05-08T17:41:13","slug":"encuentro-regional-de-equipos-diocesanos-region-platense-comparte-tu-fe-en-tandil","status":"publish","type":"post","link":"https:\/\/obispadodezaratecampana.org\/?p=5535","title":{"rendered":"Encuentro Regional de equipos diocesanos &#8220;Regi\u00f3n Platense, comparte tu fe&#8221; en Tandil"},"content":{"rendered":"<p>Se llevo a cabo el\u00a01er Encuentro de Equipos Diocesanos de Animaci\u00f3n Misionera de la Regi\u00f3n Platense. Del mismo particip\u00f3 una delegaci\u00f3n \u00a0de nuestra di\u00f3cesis, la cual pertenece a dicha regi\u00f3n. Los miembros del Equipo diocesano de Animaci\u00f3n Misionera que asistieron -pueden verse en la foto de esta nota- :\u00a0Juli\u00e1n, Lucila, Federico, Heliana, Cecilia junt\u00f3 a se\u00f1or esposo Ricardo y su hijo Juan Bautista, Claudio, Sara, el seminarista Jony, los sacerdotes Francisco y Gabriel.<\/p>\n<p>Se realizo en la ciudad de Tandil, organizado por la di\u00f3cesis de Azul, del 1 al 3 de mayo pasado.<\/p>\n<p>&nbsp;<\/p>\n<p>&nbsp;<\/p>\n<!-- AddThis Advanced Settings generic via filter on the_content --><!-- AddThis Share Buttons generic via filter on the_content -->","protected":false},"excerpt":{"rendered":"<p>Se llevo a cabo el\u00a01er Encuentro de Equipos Diocesanos de Animaci\u00f3n Misionera de la Regi\u00f3n Platense. Del mismo particip\u00f3 una delegaci\u00f3n \u00a0de nuestra di\u00f3cesis, la [&hellip;]<!-- AddThis Advanced Settings generic via filter on get_the_excerpt --><!-- AddThis Share Buttons generic via filter on get_the_excerpt --><\/p>\n","protected":false},"author":2,"featured_media":5539,"comment_status":"open","ping_status":"closed","sticky":false,"template":"","format":"standard","meta":{"footnotes":""},"categories":[1],"tags":[],"class_list":["post-5535","post","type-post","status-publish","format-standard","has-post-thumbnail","hentry","category-noticiasdiocesanas"],"_links":{"self":[{"href":"https:\/\/obispadodezaratecampana.org\/index.php?rest_route=\/wp\/v2\/posts\/5535","targetHints":{"allow":["GET"]}}],"collection":[{"href":"https:\/\/obispadodezaratecampana.org\/index.php?rest_route=\/wp\/v2\/posts"}],"about":[{"href":"https:\/\/obispadodezaratecampana.org\/index.php?rest_route=\/wp\/v2\/types\/post"}],"author":[{"embeddable":true,"href":"https:\/\/obispadodezaratecampana.org\/index.php?rest_route=\/wp\/v2\/users\/2"}],"replies":[{"embeddable":true,"href":"https:\/\/obispadodezaratecampana.org\/index.php?rest_route=%2Fwp%2Fv2%2Fcomments&post=5535"}],"version-history":[{"count":4,"href":"https:\/\/obispadodezaratecampana.org\/index.php?rest_route=\/wp\/v2\/posts\/5535\/revisions"}],"predecessor-version":[{"id":5537,"href":"https:\/\/obispadodezaratecampana.org\/index.php?rest_route=\/wp\/v2\/posts\/5535\/revisions\/5537"}],"wp:featuredmedia":[{"embeddable":true,"href":"https:\/\/obispadodezaratecampana.org\/index.php?rest_route=\/wp\/v2\/media\/5539"}],"wp:attachment":[{"href":"https:\/\/obispadodezaratecampana.org\/index.php?rest_route=%2Fwp%2Fv2%2Fmedia&parent=5535"}],"wp:term":[{"taxonomy":"category","embeddable":true,"href":"https:\/\/obispadodezaratecampana.org\/index.php?rest_route=%2Fwp%2Fv2%2Fcategories&post=5535"},{"taxonomy":"post_tag","embeddable":true,"href":"https:\/\/obispadodezaratecampana.org\/index.php?rest_route=%2Fwp%2Fv2%2Ftags&post=5535"}],"curies":[{"name":"wp","href":"https:\/\/api.w.org\/{rel}","templated":true}]}}