{"id":5524,"date":"2014-05-05T07:01:45","date_gmt":"2014-05-05T10:01:45","guid":{"rendered":"http:\/\/obispadodezaratecampana.org\/?p=5524"},"modified":"2014-05-05T07:01:45","modified_gmt":"2014-05-05T10:01:45","slug":"palabra-de-dios-y-eucaristia-nos-quitan-la-tristeza-y-nos-llenan-de-alegria-francisco-en-el-regina-coeli","status":"publish","type":"post","link":"https:\/\/obispadodezaratecampana.org\/?p=5524","title":{"rendered":"Palabra de Dios y Eucarist\u00eda nos quitan la tristeza y nos llenan de alegr\u00eda: Francisco en el Regina Coeli"},"content":{"rendered":"<p>Como es habitual en la oraci\u00f3n de los domingos a la Madre de Dios, el Obispo de Roma se inspir\u00f3 en el Evangelio, que esta vez contempla el episodio de los disc\u00edpulos de Emaus (cfr Lc 24,13-35). Viendo tristes y abatidos a dos de sus disc\u00edpulos que despu\u00e9s de su muerte regresan a su pueblo, Jes\u00fas se les acerca, pero ellos no lo reconocen \u2013dijo-. Entonces Jes\u00fas, primero les ayuda a entender que la pasi\u00f3n y muerte del Mes\u00edas estaban previstas en el designio de Dios y preanunciadas por las Escrituras. As\u00ed reenciende el fuego de la esperanza en el coraz\u00f3n de estos disc\u00edpulos que lo invitan a quedarse con ellos. Jes\u00fas acepta y en la cena bendice el pan y lo parte. Ellos lo reconocen pero \u00c9l desapareci\u00f3 de su vista dej\u00e1ndolos llenos de estupor. Inmediatamente regresan a Jerusal\u00e9n para referir a los otros disc\u00edpulos esta experiencia.<br \/>\nFrancisco afirm\u00f3 entonces que \u201cel camino de Ema\u00fas se convierte as\u00ed, en s\u00edmbolo de nuestro camino de fe: las Escrituras y la Eucarist\u00eda son indispensables para el encuentro con el Se\u00f1or\u201d.<br \/>\nManifest\u00f3 que tambi\u00e9n nosotros llegamos muchas veces a la Misa dominical con nuestras preocupaciones, dificultades y desilusiones. La vida nos hiere y nosotros vamos tristes hacia nuestra Ema\u00fas, dando la espalda al designio de Dios. Pero \u2013explic\u00f3- en la Liturgia de la Palabra, Jes\u00fas nos explica las Escrituras y reenciende en nosotros el fuego de la fe y de la esperanza. Despu\u00e9s en la Liturgia de la Eucarist\u00eda, Jes\u00fas se dona a s\u00ed mismo, Pan de la vida eterna.El Sucesor de Pedro dijo que la misa, presencia viva de Jes\u00fas resucitado, nos ilumina y nos regresa hacia Jerusal\u00e9n, esto es hacia la comunidad de de hermanos y hermanas, para vivir el compartir y la misi\u00f3n.<br \/>\nEl Vicario de Cristo termin\u00f3 su exhortaci\u00f3n a la oraci\u00f3n mariana, afirmando que \u201chay siempre una Palabra de Dios que nos gu\u00eda en nuestra desorientaci\u00f3n. Y que, en nuestro cansancio y desilusi\u00f3n, hay siempre un pan partido que nos ayuda a ir adelante en el camino\u201d.<\/p>\n<p>Llamado por Ucrania y Afganist\u00e1n<br \/>\nDespu\u00e9s de la oraci\u00f3n y antes de los saludos a asociaciones y fieles, el Papa confi\u00f3 a la Virgen la situaci\u00f3n de Ucrania donde no cesan las tensiones, rog\u00f3 por las v\u00edctimas, pidi\u00f3 que el Se\u00f1or infunda en los corazones de todos, sentimientos de pacificaci\u00f3n y fraternidad. Pidi\u00f3 oraci\u00f3n tambi\u00e9n por los difuntos a causa del desmoronamiento en Afganist\u00e1n, por los sobrevivientes y por los que ayudan a aliviar sus sufrimientos.<\/p>\n<p><strong>Texto completo de las palabras del Papa en el Regina Coeli<\/strong><\/p>\n<p>Queridos hermanos y hermanas, \u00a1buenos d\u00edas!<br \/>\nEl Evangelio de este domingo, que es el tercer domingo de Pascua, es el de los disc\u00edpulos de Ema\u00fas (cfr Lc 24,13-35). Estos eran dos disc\u00edpulos de Jes\u00fas, los cuales, despu\u00e9s de su muerte y pasado el s\u00e1bado, dejan Jerusal\u00e9n y regresan, tristes y abatidos, hacia su pueblo, llamado precisamente, Ema\u00fas. En el trayecto Jes\u00fas resucitado se acerc\u00f3 a ellos, pero ellos no lo reconocieron. Vi\u00e9ndoles tan tristes, \u00c9l, primero los ayud\u00f3 a entender que la pasi\u00f3n y la muerte de Mes\u00edas estaban previstas en el designio de Dios y preanunciadas en las Sagradas Escrituras; y as\u00ed reencendi\u00f3 el fuego de esperanza en sus corazones.<br \/>\nA ese punto, los dos disc\u00edpulos advirtieron una extraordinaria atracci\u00f3n hacia aquel hombre misterioso, y lo invitaron a quedarse con ellos esa noche. Jes\u00fas acept\u00f3 y entr\u00f3 en su casa. Y cuando estando en la mesa bendijo el pan y lo parti\u00f3, ellos lo reconocieron, pero \u00c9l desapareci\u00f3 de su vista, dej\u00e1ndolos llenos de estupor. Despu\u00e9s de haber sido iluminados por la Palabra, hab\u00edan reconocido a Jes\u00fas resucitado en el partir del pan, nuevo signo de su presencia. Inmediatamente sintieron la necesidad de regresar a Jerusal\u00e9n para referir a los otros disc\u00edpulos su experiencia, que hab\u00edan encontrado a Jes\u00fas vivo y lo hab\u00edan reconocido en aquel gesto de la fracci\u00f3n del pan.<br \/>\nEl camino de Ema\u00fas se transforma as\u00ed en s\u00edmbolo de nuestro camino de fe: las Escrituras y la Eucarist\u00eda son los elementos indispensables para el encuentro con el Se\u00f1or. Tambi\u00e9n nosotros llegamos a menudo a la Misa dominical con nuestras preocupaciones, nuestras dificultades y desilusiones. La vida a veces nos hiere y nos vamos tristes hacia nuestra \u201cEma\u00fas\u201d, dando la espalda al designio de Dios. Nos alejamos de Dios. Pero nos acoge la Liturgia de la Palabra: Jes\u00fas nos explica las Escrituras y reenciende en nuestros corazones el fuego de la fe y de la esperanza y en la comuni\u00f3n nos da fuerza. Palabra de Dios y Eucarist\u00eda: leer cada d\u00eda una parte del Evangelio, recu\u00e9rdenlo bien, leer cada d\u00eda una parte del Evangelio y los domingos ir a hacer la comuni\u00f3n, a recibir a Jes\u00fas. As\u00ed sucedi\u00f3 con los disc\u00edpulos de Ema\u00fas, han recibido la Palabra, han compartido la fracci\u00f3n del pan, y de tristes y derrotados que se sent\u00edan, se sintieron alegres. Siempre, queridos hermanos y hermanas, la Palabra de Dios y la Eucarist\u00eda nos llenan de alegr\u00eda. \u00a1Recu\u00e9rdenlo bien! \u00a1Cuando tu estas triste o algo as\u00ed, toma la Palabra de Dios! \u00a1Cuando t\u00fa est\u00e1s desanimado, toma la Palabra de Dios y va a la Misa del domingo a hacer la Comuni\u00f3n, a participar del misterio de Jes\u00fas! Palabra de Dios, Eucarist\u00eda: nos llenan de alegr\u00eda.<br \/>\nPor intercesi\u00f3n de Mar\u00eda Sant\u00edsima, roguemos para que todo cristiano, reviviendo la experiencia de los disc\u00edpulos de Ema\u00fas, especialmente en la Misa dominical, redescubra la gracia del encuentro transformante con el Se\u00f1or, con el Se\u00f1or resucitado, que est\u00e1 con nosotros siempre. Hay siempre una Palabra de Dios que nos gu\u00eda en nuestra desorientaci\u00f3n; y a trav\u00e9s de nuestros cansancios y desilusiones, hay siempre un Pan partido que nos hace seguir adelante en el camino.<\/p>\n<p><em>Llamado del Papa por la situaci\u00f3n en Ucrania y Afganist\u00e1n <\/em><\/p>\n<p>Queridos hermanos y hermanas,<br \/>\ndeseo invitarlos a confiar a la Virgen la situaci\u00f3n en Ucrania, donde no cesan las tensiones. La situaci\u00f3n es grave. Rezo con ustedes por las v\u00edctimas de estos d\u00edas, pidiendo que el Se\u00f1or infunda en los corazones de todos sentimientos de pacificaci\u00f3n y de hermandad.<br \/>\nRecemos tambi\u00e9n por los difuntos a causa del enorme desmoronamiento que se abati\u00f3 dos d\u00edas atr\u00e1s en un pueblo de Afganist\u00e1n. Dios Omnipotente, que conoce el nombre de cada uno de ellos, acoja todos en su paz; y d\u00e9 a los sobrevivientes la fuerza de seguir adelante, con el sost\u00e9n de cu\u00e1ntos se empe\u00f1ar\u00e1n para aliviar sus sufrimientos.<\/p>\n<p><em>Saludos de Francisco a los grupos de peregrinos presentes en la Plaza de San Pedro<\/em><\/p>\n<p>Queridos hermanos y hermanas,<br \/>\nhoy es la 90\u00b0 Jornada Nacional por la Universidad Cat\u00f3lica del Sagrado Coraz\u00f3n, que tiene como tema \u201cCon los j\u00f3venes, protagonistas del futuro\u201d. \u00bfBello tema, eh? \u00bfCu\u00e1ntos j\u00f3venes hay hoy? \u00bfCu\u00e1ntos? \u00a1Ustedes son protagonistas del futuro! \u00a1Ustedes han entrado en el futuro, en la historia! Es \u00e9ste el tema de hoy. Rezo por esta gran Universidad, para que sea fiel a su misi\u00f3n original y actualizada al mundo actual.<br \/>\nSi Dios quiere ir\u00e9 pronto a visitar aqu\u00ed en Roma la Facultad de Medicina y Cirug\u00eda y el Policl\u00ednico \u201cGemelli\u201d, que cumple 50 a\u00f1os de vida y pertenece a la Universidad Cat\u00f3lica del Sagrado Coraz\u00f3n.<br \/>\n\u00a1Saludos a todos ustedes, fieles romanos y peregrinos! En particular a los fieles de la di\u00f3cesis de Parma, guiados por el Obispo Enrico Solmi, con numerosos j\u00f3venes que hacen un camino llamado \u201cConcilio de j\u00f3venes\u201d. Pero, \u00a1hermoso nombre, eh! \u00a1Adelante! \u00a1Buen camino a todos!<br \/>\nSaludo a la Asociaci\u00f3n \u201cMeter\u201d, que desde casi 20 a\u00f1os lucha contra toda forma de abuso a los menores. \u00a1Gracias por vuestro empe\u00f1o! Como as\u00ed tambi\u00e9n a los participantes en la Marcha por la Vida, que este a\u00f1o tiene un car\u00e1cter internacional y ecum\u00e9nico. A Meter y a los participantes de la Marcha por la Vida tantas felicidades y a trabajar por esto!<br \/>\nSaludo a las asociaciones \u201cRelais Sourds\u201d de Lione, \u201cIl p\u00f3rtico\u201d de Padoa y \u201cJard\u00edn de los ni\u00f1os\u201d de la Argentina; a las Hermanas Maestras de Santa Dorotea; a los fieles Melquitas de Australia y los de Alcorc\u00f3n, Espa\u00f1a; a los chicos polacos de Rybnik, seguidores del Beato Piergiorgio Frassati; al Coro y la Banda de Lenola, a los Coros de la Di\u00f3cesis de Udine y a las asociaciones de los Acampadores italianos.<br \/>\n\u00a1Agradezco por su presencia los tantos grupos parroquiales y juveniles!<br \/>\nA todos ustedes les deseo un feliz domingo. \u00a1Buen almuerzo y hasta pronto!<\/p>\n<!-- AddThis Advanced Settings generic via filter on the_content --><!-- AddThis Share Buttons generic via filter on the_content -->","protected":false},"excerpt":{"rendered":"<p>Como es habitual en la oraci\u00f3n de los domingos a la Madre de Dios, el Obispo de Roma se inspir\u00f3 en el Evangelio, que esta [&hellip;]<!-- AddThis Advanced Settings generic via filter on get_the_excerpt --><!-- AddThis Share Buttons generic via filter on get_the_excerpt --><\/p>\n","protected":false},"author":2,"featured_media":5525,"comment_status":"open","ping_status":"closed","sticky":false,"template":"","format":"standard","meta":{"footnotes":""},"categories":[161],"tags":[],"class_list":["post-5524","post","type-post","status-publish","format-standard","has-post-thumbnail","hentry","category-el-papa-leonxiv"],"_links":{"self":[{"href":"https:\/\/obispadodezaratecampana.org\/index.php?rest_route=\/wp\/v2\/posts\/5524","targetHints":{"allow":["GET"]}}],"collection":[{"href":"https:\/\/obispadodezaratecampana.org\/index.php?rest_route=\/wp\/v2\/posts"}],"about":[{"href":"https:\/\/obispadodezaratecampana.org\/index.php?rest_route=\/wp\/v2\/types\/post"}],"author":[{"embeddable":true,"href":"https:\/\/obispadodezaratecampana.org\/index.php?rest_route=\/wp\/v2\/users\/2"}],"replies":[{"embeddable":true,"href":"https:\/\/obispadodezaratecampana.org\/index.php?rest_route=%2Fwp%2Fv2%2Fcomments&post=5524"}],"version-history":[{"count":2,"href":"https:\/\/obispadodezaratecampana.org\/index.php?rest_route=\/wp\/v2\/posts\/5524\/revisions"}],"predecessor-version":[{"id":5527,"href":"https:\/\/obispadodezaratecampana.org\/index.php?rest_route=\/wp\/v2\/posts\/5524\/revisions\/5527"}],"wp:featuredmedia":[{"embeddable":true,"href":"https:\/\/obispadodezaratecampana.org\/index.php?rest_route=\/wp\/v2\/media\/5525"}],"wp:attachment":[{"href":"https:\/\/obispadodezaratecampana.org\/index.php?rest_route=%2Fwp%2Fv2%2Fmedia&parent=5524"}],"wp:term":[{"taxonomy":"category","embeddable":true,"href":"https:\/\/obispadodezaratecampana.org\/index.php?rest_route=%2Fwp%2Fv2%2Fcategories&post=5524"},{"taxonomy":"post_tag","embeddable":true,"href":"https:\/\/obispadodezaratecampana.org\/index.php?rest_route=%2Fwp%2Fv2%2Ftags&post=5524"}],"curies":[{"name":"wp","href":"https:\/\/api.w.org\/{rel}","templated":true}]}}