{"id":5476,"date":"2014-05-04T16:55:29","date_gmt":"2014-05-04T19:55:29","guid":{"rendered":"http:\/\/obispadodezaratecampana.org\/?p=5476"},"modified":"2014-05-04T22:47:43","modified_gmt":"2014-05-05T01:47:43","slug":"jornada-nacional-de-partidistas-lujan","status":"publish","type":"post","link":"https:\/\/obispadodezaratecampana.org\/?p=5476","title":{"rendered":"Jornada Nacional de Partidistas  &#8211; Luj\u00e1n"},"content":{"rendered":"<p>En este fin de semana largo &#8211; viernes 2 y s\u00e1bado 3- \u00a0j\u00f3venes de nuestra di\u00f3cesis estuvieron \u00a0participando en la Jornada Nacional de Partidistas en Villa Maristas, Luj\u00e1n.<\/p>\n<p>El lema del encuentro fue: <em>&#8220;Si no hay fuego, no habr\u00e1 luz&#8221;<\/em><\/p>\n<p>Dios los bendiga chicos, \u00a1Vale la pena! seguir a Cristo.<\/p>\n<p>Les compartimos el perfil de facebook del Movimiento de Partida en nuestra di\u00f3cesis, donde encontrar\u00e1n mas im\u00e1genes de lo vivido en este encuentro:\u00a0<a title=\"Partida\" href=\"https:\/\/www.facebook.com\/MovimientodePartida.ZarateCampana35\">https:\/\/www.facebook.com\/MovimientodePartida.ZarateCampana35<\/a><\/p>\n<!-- AddThis Advanced Settings generic via filter on the_content --><!-- AddThis Share Buttons generic via filter on the_content -->","protected":false},"excerpt":{"rendered":"<p>En este fin de semana largo &#8211; viernes 2 y s\u00e1bado 3- \u00a0j\u00f3venes de nuestra di\u00f3cesis estuvieron \u00a0participando en la Jornada Nacional de Partidistas en [&hellip;]<!-- AddThis Advanced Settings generic via filter on get_the_excerpt --><!-- AddThis Share Buttons generic via filter on get_the_excerpt --><\/p>\n","protected":false},"author":2,"featured_media":5477,"comment_status":"open","ping_status":"closed","sticky":false,"template":"","format":"standard","meta":{"footnotes":""},"categories":[4],"tags":[],"class_list":["post-5476","post","type-post","status-publish","format-standard","has-post-thumbnail","hentry","category-movimientosinstituciones"],"_links":{"self":[{"href":"https:\/\/obispadodezaratecampana.org\/index.php?rest_route=\/wp\/v2\/posts\/5476","targetHints":{"allow":["GET"]}}],"collection":[{"href":"https:\/\/obispadodezaratecampana.org\/index.php?rest_route=\/wp\/v2\/posts"}],"about":[{"href":"https:\/\/obispadodezaratecampana.org\/index.php?rest_route=\/wp\/v2\/types\/post"}],"author":[{"embeddable":true,"href":"https:\/\/obispadodezaratecampana.org\/index.php?rest_route=\/wp\/v2\/users\/2"}],"replies":[{"embeddable":true,"href":"https:\/\/obispadodezaratecampana.org\/index.php?rest_route=%2Fwp%2Fv2%2Fcomments&post=5476"}],"version-history":[{"count":4,"href":"https:\/\/obispadodezaratecampana.org\/index.php?rest_route=\/wp\/v2\/posts\/5476\/revisions"}],"predecessor-version":[{"id":5515,"href":"https:\/\/obispadodezaratecampana.org\/index.php?rest_route=\/wp\/v2\/posts\/5476\/revisions\/5515"}],"wp:featuredmedia":[{"embeddable":true,"href":"https:\/\/obispadodezaratecampana.org\/index.php?rest_route=\/wp\/v2\/media\/5477"}],"wp:attachment":[{"href":"https:\/\/obispadodezaratecampana.org\/index.php?rest_route=%2Fwp%2Fv2%2Fmedia&parent=5476"}],"wp:term":[{"taxonomy":"category","embeddable":true,"href":"https:\/\/obispadodezaratecampana.org\/index.php?rest_route=%2Fwp%2Fv2%2Fcategories&post=5476"},{"taxonomy":"post_tag","embeddable":true,"href":"https:\/\/obispadodezaratecampana.org\/index.php?rest_route=%2Fwp%2Fv2%2Ftags&post=5476"}],"curies":[{"name":"wp","href":"https:\/\/api.w.org\/{rel}","templated":true}]}}