{"id":5467,"date":"2014-05-02T10:59:49","date_gmt":"2014-05-02T13:59:49","guid":{"rendered":"http:\/\/obispadodezaratecampana.org\/?p=5467"},"modified":"2014-05-02T11:08:49","modified_gmt":"2014-05-02T14:08:49","slug":"sabado-10-de-mayo-encuentro-de-comunicadores","status":"publish","type":"post","link":"https:\/\/obispadodezaratecampana.org\/?p=5467","title":{"rendered":"S\u00e1bado 10 de mayo: Encuentro de Comunicadores"},"content":{"rendered":"<p>En el marco de la Fiesta Diocesana por la Virgen de Luj\u00e1n a realizarse el s\u00e1bado 10 de mayo, en la Pquia. Inmaculada Concepci\u00f3n de Maquinista Savio (y el colegio contiguo a la misma), invitamos especialmente a : personas que deseen realizar o ya est\u00e9n realizando tareas de comunicaci\u00f3n o relacionadas con el uso del registro digital de sacramentos, en las parroquias, colegios, movimientos, grupos e instituciones de la di\u00f3cesis de Z\u00e1rate &#8211; Campana, a una reuni\u00f3n entre las 13:00 y 15:00 hs . El aula o espacio espec\u00edfico es a determinar. Tengan en cuenta que la jornada comienza a las 8:30 hs (por lo que pueden participar desde temprano en las reuniones de las demas pastorales si lo desean) y finaliza a las 16:00 hs con la Santa Misa presidida por el Obispo.<\/p>\n<p>Les compartimos el enlace del evento en facebook: <a title=\"comunicacion \" href=\"https:\/\/www.facebook.com\/events\/768507326500341\/?ref_newsfeed_story_type=regular\">https:\/\/www.facebook.com\/events\/768507326500341\/?ref_newsfeed_story_type=regular<\/a><\/p>\n<!-- AddThis Advanced Settings generic via filter on the_content --><!-- AddThis Share Buttons generic via filter on the_content -->","protected":false},"excerpt":{"rendered":"<p>En el marco de la Fiesta Diocesana por la Virgen de Luj\u00e1n a realizarse el s\u00e1bado 10 de mayo, en la Pquia. Inmaculada Concepci\u00f3n de [&hellip;]<!-- AddThis Advanced Settings generic via filter on get_the_excerpt --><!-- AddThis Share Buttons generic via filter on get_the_excerpt --><\/p>\n","protected":false},"author":2,"featured_media":5468,"comment_status":"open","ping_status":"closed","sticky":false,"template":"","format":"standard","meta":{"footnotes":""},"categories":[1],"tags":[],"class_list":["post-5467","post","type-post","status-publish","format-standard","has-post-thumbnail","hentry","category-noticiasdiocesanas"],"_links":{"self":[{"href":"https:\/\/obispadodezaratecampana.org\/index.php?rest_route=\/wp\/v2\/posts\/5467","targetHints":{"allow":["GET"]}}],"collection":[{"href":"https:\/\/obispadodezaratecampana.org\/index.php?rest_route=\/wp\/v2\/posts"}],"about":[{"href":"https:\/\/obispadodezaratecampana.org\/index.php?rest_route=\/wp\/v2\/types\/post"}],"author":[{"embeddable":true,"href":"https:\/\/obispadodezaratecampana.org\/index.php?rest_route=\/wp\/v2\/users\/2"}],"replies":[{"embeddable":true,"href":"https:\/\/obispadodezaratecampana.org\/index.php?rest_route=%2Fwp%2Fv2%2Fcomments&post=5467"}],"version-history":[{"count":3,"href":"https:\/\/obispadodezaratecampana.org\/index.php?rest_route=\/wp\/v2\/posts\/5467\/revisions"}],"predecessor-version":[{"id":5471,"href":"https:\/\/obispadodezaratecampana.org\/index.php?rest_route=\/wp\/v2\/posts\/5467\/revisions\/5471"}],"wp:featuredmedia":[{"embeddable":true,"href":"https:\/\/obispadodezaratecampana.org\/index.php?rest_route=\/wp\/v2\/media\/5468"}],"wp:attachment":[{"href":"https:\/\/obispadodezaratecampana.org\/index.php?rest_route=%2Fwp%2Fv2%2Fmedia&parent=5467"}],"wp:term":[{"taxonomy":"category","embeddable":true,"href":"https:\/\/obispadodezaratecampana.org\/index.php?rest_route=%2Fwp%2Fv2%2Fcategories&post=5467"},{"taxonomy":"post_tag","embeddable":true,"href":"https:\/\/obispadodezaratecampana.org\/index.php?rest_route=%2Fwp%2Fv2%2Ftags&post=5467"}],"curies":[{"name":"wp","href":"https:\/\/api.w.org\/{rel}","templated":true}]}}