{"id":5464,"date":"2014-05-01T17:18:46","date_gmt":"2014-05-01T20:18:46","guid":{"rendered":"http:\/\/obispadodezaratecampana.org\/?p=5464"},"modified":"2014-05-01T17:18:46","modified_gmt":"2014-05-01T20:18:46","slug":"felicidades-a-todos-los-trabajadores-en-el-dia-de-san-jose-obrero-especialmente-a-los-del-mundo-de-la-radio-y-la-comunicacion","status":"publish","type":"post","link":"https:\/\/obispadodezaratecampana.org\/?p=5464","title":{"rendered":"Felicidades a todos los trabajadores en el d\u00eda de San Jos\u00e9 Obrero, especialmente a los del mundo de la Radio y la comunicaci\u00f3n"},"content":{"rendered":"<p><strong>Palabras del Papa Francisco del 1\u00b0 de mayo de 2013<\/strong><\/p>\n<p>San Jos\u00e9 interceda por todos los trabajadores del mundo y, con Mar\u00eda, Jes\u00fas sea el centro de nuestra vida, pidi\u00f3 el Papa Francisco.<br \/>\n\u00abJes\u00fas entra en nuestra historia, naciendo de Mar\u00eda por obra de Dios, pero con la presencia de san Jos\u00e9, el padre legal que lo custodia y tambi\u00e9n le ense\u00f1a su trabajo\u00bb, destac\u00f3 el Papa Francisco el 1\u00ba de mayo, del a\u00f1o pasado, en su audiencia general, poniendo de relieve el comienzo del mes dedicado a la Madre de Dios, con la fiesta de san Jos\u00e9 obrero. Que todos, en la medida de sus responsabilidades, se esfuercen por crear puestos de trabajo y dar esperanza a los trabajadores, fue el llamamiento del Obispo de Roma, pidiendo que se impulse la dignidad humana laboral, se act\u00fae contra la trata de personas y el trabajo que esclaviza \u2013 el trabajo esclavo &#8211; y se custodie la creaci\u00f3n.<br \/>\nPensando en las dificultades que tienen no pocos pa\u00edses en el \u00e1mbito laboral, el Papa Bergoglio destac\u00f3 que el trabajo forma parte del plan del amor de Dios y otorga dignidad a la persona, alentando a que pidamos a san Jos\u00e9 y a la Virgen Mar\u00eda que nos ense\u00f1en a ser fieles en nuestro trabajo cotidiano y a afrontar con fe las vicisitudes de cada d\u00eda. En el mes de mayo record\u00f3 la importancia del rezo del Rosario, haciendo hincapi\u00e9 en que Mar\u00eda y Jos\u00e9 \u00abacompa\u00f1an y protegen con ternura el crecimiento del Hijo de Dios\u00bb. \u00c9stas fueron las palabras del Papa Francisco:<br \/>\nQueridos hermanos y hermanas: Hoy, primero de mayo, fiesta de san Jos\u00e9 obrero e inicio del mes dedicado a la Virgen Mar\u00eda, deseo reflexionar sobre dos ideas. La primera sobre el trabajo. En el evangelio, Jes\u00fas es conocido como \u00abel hijo del carpintero\u00bb. En el taller de Nazaret, comparte con san Jos\u00e9 el esfuerzo, el cansancio, los problemas de cada d\u00eda, as\u00ed como tambi\u00e9n la satisfacci\u00f3n. El trabajo forma parte del plan del amor de Dios y otorga dignidad a la persona. No dejo de pensar en las dificultades que tienen no pocos pa\u00edses en el \u00e1mbito laboral. Pido a todos que, en la medida de sus responsabilidades, se esfuercen por crear puestos de trabajo y dar esperanza a los trabajadores. San Jos\u00e9, que vivi\u00f3 momentos dif\u00edciles y puso su confianza en Dios, que no abandona, interceda por todos los trabajadores del mundo.<br \/>\nDeseo referirme tambi\u00e9n a la actitud de Mar\u00eda y Jos\u00e9 ante Jes\u00fas. Ellos acompa\u00f1an y protegen con ternura el crecimiento del Hijo de Dios, sabiendo conservar y meditar en su coraz\u00f3n todas las cosas. Para escuchar al Se\u00f1or, es necesario contemplarlo, percibir su presencia, dialogar con \u00c9l, sacar tiempo para la oraci\u00f3n. En este mes de mayo, recuerdo la importancia y la belleza de la oraci\u00f3n del Rosario. Con su recitaci\u00f3n, meditamos los momentos centrales de la vida de Jesucristo, tratando de que \u00c9l sea el centro de nuestros pensamientos, atenciones y acciones. Pidamos a san Jos\u00e9 y a la Virgen Mar\u00eda que nos ense\u00f1en a ser fieles en nuestro trabajo cotidiano y a afrontar con fe las vicisitudes de cada d\u00eda. Muchas gracias.<\/p>\n<!-- AddThis Advanced Settings generic via filter on the_content --><!-- AddThis Share Buttons generic via filter on the_content -->","protected":false},"excerpt":{"rendered":"<p>Palabras del Papa Francisco del 1\u00b0 de mayo de 2013 San Jos\u00e9 interceda por todos los trabajadores del mundo y, con Mar\u00eda, Jes\u00fas sea el [&hellip;]<!-- AddThis Advanced Settings generic via filter on get_the_excerpt --><!-- AddThis Share Buttons generic via filter on get_the_excerpt --><\/p>\n","protected":false},"author":2,"featured_media":5465,"comment_status":"open","ping_status":"closed","sticky":false,"template":"","format":"standard","meta":{"footnotes":""},"categories":[161],"tags":[],"class_list":["post-5464","post","type-post","status-publish","format-standard","has-post-thumbnail","hentry","category-el-papa-leonxiv"],"_links":{"self":[{"href":"https:\/\/obispadodezaratecampana.org\/index.php?rest_route=\/wp\/v2\/posts\/5464","targetHints":{"allow":["GET"]}}],"collection":[{"href":"https:\/\/obispadodezaratecampana.org\/index.php?rest_route=\/wp\/v2\/posts"}],"about":[{"href":"https:\/\/obispadodezaratecampana.org\/index.php?rest_route=\/wp\/v2\/types\/post"}],"author":[{"embeddable":true,"href":"https:\/\/obispadodezaratecampana.org\/index.php?rest_route=\/wp\/v2\/users\/2"}],"replies":[{"embeddable":true,"href":"https:\/\/obispadodezaratecampana.org\/index.php?rest_route=%2Fwp%2Fv2%2Fcomments&post=5464"}],"version-history":[{"count":1,"href":"https:\/\/obispadodezaratecampana.org\/index.php?rest_route=\/wp\/v2\/posts\/5464\/revisions"}],"predecessor-version":[{"id":5466,"href":"https:\/\/obispadodezaratecampana.org\/index.php?rest_route=\/wp\/v2\/posts\/5464\/revisions\/5466"}],"wp:featuredmedia":[{"embeddable":true,"href":"https:\/\/obispadodezaratecampana.org\/index.php?rest_route=\/wp\/v2\/media\/5465"}],"wp:attachment":[{"href":"https:\/\/obispadodezaratecampana.org\/index.php?rest_route=%2Fwp%2Fv2%2Fmedia&parent=5464"}],"wp:term":[{"taxonomy":"category","embeddable":true,"href":"https:\/\/obispadodezaratecampana.org\/index.php?rest_route=%2Fwp%2Fv2%2Fcategories&post=5464"},{"taxonomy":"post_tag","embeddable":true,"href":"https:\/\/obispadodezaratecampana.org\/index.php?rest_route=%2Fwp%2Fv2%2Ftags&post=5464"}],"curies":[{"name":"wp","href":"https:\/\/api.w.org\/{rel}","templated":true}]}}