{"id":5443,"date":"2014-05-01T16:47:59","date_gmt":"2014-05-01T19:47:59","guid":{"rendered":"http:\/\/obispadodezaratecampana.org\/?p=5443"},"modified":"2014-05-01T16:47:59","modified_gmt":"2014-05-01T19:47:59","slug":"fiesta-de-la-divina-misericordia-garin-escobar","status":"publish","type":"post","link":"https:\/\/obispadodezaratecampana.org\/?p=5443","title":{"rendered":"Fiesta de la Divina Misericordia &#8211; Gar\u00edn &#8211; Escobar"},"content":{"rendered":"<p>El domingo 27 de abril por la ma\u00f1ana, la Parroquia Jes\u00fas Misericordioso \u00a0del Gar\u00edn celebr\u00f3 sus patronales con procesi\u00f3n por las calles del barrio y Santa Eucarist\u00eda presidida por Mons Oscar D. Sarlinga.<\/p>\n<p>Se bendijeron ademas \u00a0cuadros de los Santos Juan XXIII y Juan Pablo II.<\/p>\n<p>Para ver mas fotos de estos festejos, los invitamos a visitar la cuenta perfil de facebook de la pquia. Santa Teresa de Jesus:<\/p>\n<p><a title=\"jesus\" href=\"https:\/\/www.facebook.com\/parroquia.santateresadejesus.14\">https:\/\/www.facebook.com\/parroquia.santateresadejesus.14<\/a><\/p>\n<p>Por otro lado, este es el perfil de face de la pquia. Jesus Misericordioso:<\/p>\n<p><a title=\"jesus\" href=\"https:\/\/www.facebook.com\/pages\/Parroquia-Jesus-Misericordioso\/257128487786582\">https:\/\/www.facebook.com\/pages\/Parroquia-Jesus-Misericordioso\/257128487786582<\/a><\/p>\n<!-- AddThis Advanced Settings generic via filter on the_content --><!-- AddThis Share Buttons generic via filter on the_content -->","protected":false},"excerpt":{"rendered":"<p>El domingo 27 de abril por la ma\u00f1ana, la Parroquia Jes\u00fas Misericordioso \u00a0del Gar\u00edn celebr\u00f3 sus patronales con procesi\u00f3n por las calles del barrio y [&hellip;]<!-- AddThis Advanced Settings generic via filter on get_the_excerpt --><!-- AddThis Share Buttons generic via filter on get_the_excerpt --><\/p>\n","protected":false},"author":2,"featured_media":5448,"comment_status":"open","ping_status":"closed","sticky":false,"template":"","format":"standard","meta":{"footnotes":""},"categories":[3],"tags":[],"class_list":["post-5443","post","type-post","status-publish","format-standard","has-post-thumbnail","hentry","category-noticiasparroquiales"],"_links":{"self":[{"href":"https:\/\/obispadodezaratecampana.org\/index.php?rest_route=\/wp\/v2\/posts\/5443","targetHints":{"allow":["GET"]}}],"collection":[{"href":"https:\/\/obispadodezaratecampana.org\/index.php?rest_route=\/wp\/v2\/posts"}],"about":[{"href":"https:\/\/obispadodezaratecampana.org\/index.php?rest_route=\/wp\/v2\/types\/post"}],"author":[{"embeddable":true,"href":"https:\/\/obispadodezaratecampana.org\/index.php?rest_route=\/wp\/v2\/users\/2"}],"replies":[{"embeddable":true,"href":"https:\/\/obispadodezaratecampana.org\/index.php?rest_route=%2Fwp%2Fv2%2Fcomments&post=5443"}],"version-history":[{"count":1,"href":"https:\/\/obispadodezaratecampana.org\/index.php?rest_route=\/wp\/v2\/posts\/5443\/revisions"}],"predecessor-version":[{"id":5460,"href":"https:\/\/obispadodezaratecampana.org\/index.php?rest_route=\/wp\/v2\/posts\/5443\/revisions\/5460"}],"wp:featuredmedia":[{"embeddable":true,"href":"https:\/\/obispadodezaratecampana.org\/index.php?rest_route=\/wp\/v2\/media\/5448"}],"wp:attachment":[{"href":"https:\/\/obispadodezaratecampana.org\/index.php?rest_route=%2Fwp%2Fv2%2Fmedia&parent=5443"}],"wp:term":[{"taxonomy":"category","embeddable":true,"href":"https:\/\/obispadodezaratecampana.org\/index.php?rest_route=%2Fwp%2Fv2%2Fcategories&post=5443"},{"taxonomy":"post_tag","embeddable":true,"href":"https:\/\/obispadodezaratecampana.org\/index.php?rest_route=%2Fwp%2Fv2%2Ftags&post=5443"}],"curies":[{"name":"wp","href":"https:\/\/api.w.org\/{rel}","templated":true}]}}