{"id":5427,"date":"2014-05-01T16:04:32","date_gmt":"2014-05-01T19:04:32","guid":{"rendered":"http:\/\/obispadodezaratecampana.org\/?p=5427"},"modified":"2014-05-01T16:06:58","modified_gmt":"2014-05-01T19:06:58","slug":"misa-en-centro-misional-san-antonio-maria-claret-y-san-juan-pablo-ii","status":"publish","type":"post","link":"https:\/\/obispadodezaratecampana.org\/?p=5427","title":{"rendered":"Misa en centro misional San Antonio Maria Claret y San Juan Pablo II"},"content":{"rendered":"<p>Por la tarde del pasado domingo 27 de abril &#8211; fiesta de la Divina Misericordia-, Monse\u00f1or Sarlinga presidi\u00f3 la misa de acci\u00f3n de gracias por la canonizaci\u00f3n de Juan Pablo II y Juan XXIII, en el Centro Misional del barrio Siderca: &#8220;San Antonio Maria Claret y San Juan Pablo II&#8221; &#8211; sito en el partido de Campana. \u00a0De la celebraci\u00f3n particip\u00f3 el Vicario General de la di\u00f3cesis Mons. Ariel Perez &#8211; que ese d\u00eda cumpl\u00eda ademas 23 a\u00f1os como sacerdote-, el rector del Seminario Diocesano San Pedro y San Pablo: Pbro. Hugo Lovatto, el di\u00e1cono permanente Pedro Bruno, el padre Juan Jose, el padre Tomas, y cuatro seminaristas: Alejo Moreno, Juan Pablo Roses Aubone, Martin Gallo. y Martin Evangelista.<\/p>\n<p>El padre Tomas, pertenece a la pquia, Ntra. Sra. de la Paz \u00a0de Olivos -di\u00f3cesis de San Isidro- de la cual es oriundo el grupo misionero que desde hace a\u00f1os misiona en la zona del centro misional.<\/p>\n<p>Estuvieron presentes ademas numerosos miembros de la comunidad del centro misional &#8211; y del grupo misionero de Olivos- , de la Catedral Santa Florentina, de capillas y parroquias de Campana, religiosas, miembros de movimientos laicales diocesanos y fieles de diversas ciudades de la di\u00f3cesis.<\/p>\n<p>Durante la misa, los ni\u00f1os de catequesis leyeron, de a uno por vez, \u00a0frases de San Juan Pablo II relativas a distintos aspectos de la vida cristiana.<\/p>\n<p>La celebraci\u00f3n lit\u00fargica se realiz\u00f3 al aire libre en un escenario especialmente armado para la ocasi\u00f3n; y concluida la misma hubo shows musicales y comida asada para compartir.<\/p>\n<p><strong>Homil\u00eda del Obispo\u00a0<\/strong><\/p>\n<p>Monse\u00f1or Sarlinga comenz\u00f3 dando gracias a Dios por la hermosa comunidad que se est\u00e1 formando en la Capilla del centro Misional. Luego expres\u00f3\u00a0su gratitud a los misioneros que hab\u00edan estado trabajando en la zona, explicando que era un centro misional que forma misioneros y sale hacia el encuentro de los demas. Destac\u00f3 la labor misionera en el lugar, de un grupo que viene desde hace a\u00f1os, desde Olivos, de la pquia. Ntra. Sra. de la Paz, junto al padre Tomas , de la di\u00f3cesis de San Isidro<br \/>\nManifest\u00f3 que: \u201cTodas nuestras ciudades, toda nuestra regi\u00f3n requiere de misi\u00f3n, program\u00e1tica y paradigm\u00e1tica (como nos dice el documento de Aparecida y tambi\u00e9n el Papa Francisco). La dimensi\u00f3n transversal de la misi\u00f3n en toda la vida cristiana, es la tenemos que asumir .\u201d<br \/>\nProsigui\u00f3 haciendo alusi\u00f3n a la misa de Canonizaci\u00f3n de Juan Pablo II y Juan XXIII, y a las palabras de Francisco sobre las llagas de Jes\u00fas : \u201cDebemos colocar nuestras propias llagas, nuestras heridas abiertas en las de Jes\u00fas; llagas abiertas del desencuentro, incomprensi\u00f3n, aspectos grises tirando a negros de la historia personal, de la verg\u00fcenza, del alejamiento, de no haber cosas, de la injusticia, del ser querido que parti\u00f3, \u2026..son llagas abiertas que supuran de desesperanza\u2026.. Si hay desesperanza, es por que las llagas supuran. Pong\u00e1moslas dentro de las heridas abiertas de Cristo, que ahora son de luz, brillan para esa potencia regeneradora de hacernos creaturas nuevas. \u00bf Me pregunto si lo creemos? Intelectualmente si, pero esto implica un caminar vivencial en el que todav\u00eda nos falta comprometernos un poco mas.\u201d<br \/>\nContinuando con lo sucedido en las celebraciones en el Vaticano por los dos nuevos Santos, Monse\u00f1or Oscar hizo referencia a frases con las cuales caracterizaron a cada uno de los Papas: Juan XXIII : \u201cEl gu\u00eda \u2013 de la Iglesia , de la humanidad- guiado \u2013 que se dejo guiar, por el Esp\u00edritu Santo- , y Juan Pablo II como el Papa de las familias \u2013 con todo lo que significa, porque la misma Iglesia es familia de Dios\u201d.<br \/>\nConcluy\u00f3 encomendando a todos a la protecci\u00f3n de nuestra Madre, la Virgen Mar\u00eda.<\/p>\n<!-- AddThis Advanced Settings generic via filter on the_content --><!-- AddThis Share Buttons generic via filter on the_content -->","protected":false},"excerpt":{"rendered":"<p>Por la tarde del pasado domingo 27 de abril &#8211; fiesta de la Divina Misericordia-, Monse\u00f1or Sarlinga presidi\u00f3 la misa de acci\u00f3n de gracias por [&hellip;]<!-- AddThis Advanced Settings generic via filter on get_the_excerpt --><!-- AddThis Share Buttons generic via filter on get_the_excerpt --><\/p>\n","protected":false},"author":2,"featured_media":5436,"comment_status":"open","ping_status":"closed","sticky":false,"template":"","format":"standard","meta":{"footnotes":""},"categories":[1],"tags":[],"class_list":["post-5427","post","type-post","status-publish","format-standard","has-post-thumbnail","hentry","category-noticiasdiocesanas"],"_links":{"self":[{"href":"https:\/\/obispadodezaratecampana.org\/index.php?rest_route=\/wp\/v2\/posts\/5427","targetHints":{"allow":["GET"]}}],"collection":[{"href":"https:\/\/obispadodezaratecampana.org\/index.php?rest_route=\/wp\/v2\/posts"}],"about":[{"href":"https:\/\/obispadodezaratecampana.org\/index.php?rest_route=\/wp\/v2\/types\/post"}],"author":[{"embeddable":true,"href":"https:\/\/obispadodezaratecampana.org\/index.php?rest_route=\/wp\/v2\/users\/2"}],"replies":[{"embeddable":true,"href":"https:\/\/obispadodezaratecampana.org\/index.php?rest_route=%2Fwp%2Fv2%2Fcomments&post=5427"}],"version-history":[{"count":1,"href":"https:\/\/obispadodezaratecampana.org\/index.php?rest_route=\/wp\/v2\/posts\/5427\/revisions"}],"predecessor-version":[{"id":5441,"href":"https:\/\/obispadodezaratecampana.org\/index.php?rest_route=\/wp\/v2\/posts\/5427\/revisions\/5441"}],"wp:featuredmedia":[{"embeddable":true,"href":"https:\/\/obispadodezaratecampana.org\/index.php?rest_route=\/wp\/v2\/media\/5436"}],"wp:attachment":[{"href":"https:\/\/obispadodezaratecampana.org\/index.php?rest_route=%2Fwp%2Fv2%2Fmedia&parent=5427"}],"wp:term":[{"taxonomy":"category","embeddable":true,"href":"https:\/\/obispadodezaratecampana.org\/index.php?rest_route=%2Fwp%2Fv2%2Fcategories&post=5427"},{"taxonomy":"post_tag","embeddable":true,"href":"https:\/\/obispadodezaratecampana.org\/index.php?rest_route=%2Fwp%2Fv2%2Ftags&post=5427"}],"curies":[{"name":"wp","href":"https:\/\/api.w.org\/{rel}","templated":true}]}}