{"id":5424,"date":"2014-05-01T12:01:32","date_gmt":"2014-05-01T15:01:32","guid":{"rendered":"http:\/\/obispadodezaratecampana.org\/?p=5424"},"modified":"2014-05-01T12:01:32","modified_gmt":"2014-05-01T15:01:32","slug":"intenciones-de-oracion-del-papa-para-el-mes-de-mayo-2014","status":"publish","type":"post","link":"https:\/\/obispadodezaratecampana.org\/?p=5424","title":{"rendered":"INTENCIONES DE ORACI\u00d3N DEL PAPA PARA EL MES DE MAYO 2014"},"content":{"rendered":"<p>&#8211; La intenci\u00f3n universal del apostolado de la oraci\u00f3n del Santo Padre es: &#8221;Para que los medios de comunicaci\u00f3n sean instrumentos al servicio de la verdad y de la paz&#8221;.<br \/>\n&#8211; Su intenci\u00f3n evangelizadora es: &#8221;Para que Mar\u00eda, Estrella de la Evangelizaci\u00f3n, gu\u00ede la misi\u00f3n de la Iglesia de anunciar a Cristo a todos los pueblos&#8221;.<\/p>\n<!-- AddThis Advanced Settings generic via filter on the_content --><!-- AddThis Share Buttons generic via filter on the_content -->","protected":false},"excerpt":{"rendered":"<p>&#8211; La intenci\u00f3n universal del apostolado de la oraci\u00f3n del Santo Padre es: &#8221;Para que los medios de comunicaci\u00f3n sean instrumentos al servicio de la [&hellip;]<!-- AddThis Advanced Settings generic via filter on get_the_excerpt --><!-- AddThis Share Buttons generic via filter on get_the_excerpt --><\/p>\n","protected":false},"author":2,"featured_media":5425,"comment_status":"open","ping_status":"closed","sticky":false,"template":"","format":"standard","meta":{"footnotes":""},"categories":[161],"tags":[],"class_list":["post-5424","post","type-post","status-publish","format-standard","has-post-thumbnail","hentry","category-el-papa-leonxiv"],"_links":{"self":[{"href":"https:\/\/obispadodezaratecampana.org\/index.php?rest_route=\/wp\/v2\/posts\/5424","targetHints":{"allow":["GET"]}}],"collection":[{"href":"https:\/\/obispadodezaratecampana.org\/index.php?rest_route=\/wp\/v2\/posts"}],"about":[{"href":"https:\/\/obispadodezaratecampana.org\/index.php?rest_route=\/wp\/v2\/types\/post"}],"author":[{"embeddable":true,"href":"https:\/\/obispadodezaratecampana.org\/index.php?rest_route=\/wp\/v2\/users\/2"}],"replies":[{"embeddable":true,"href":"https:\/\/obispadodezaratecampana.org\/index.php?rest_route=%2Fwp%2Fv2%2Fcomments&post=5424"}],"version-history":[{"count":1,"href":"https:\/\/obispadodezaratecampana.org\/index.php?rest_route=\/wp\/v2\/posts\/5424\/revisions"}],"predecessor-version":[{"id":5426,"href":"https:\/\/obispadodezaratecampana.org\/index.php?rest_route=\/wp\/v2\/posts\/5424\/revisions\/5426"}],"wp:featuredmedia":[{"embeddable":true,"href":"https:\/\/obispadodezaratecampana.org\/index.php?rest_route=\/wp\/v2\/media\/5425"}],"wp:attachment":[{"href":"https:\/\/obispadodezaratecampana.org\/index.php?rest_route=%2Fwp%2Fv2%2Fmedia&parent=5424"}],"wp:term":[{"taxonomy":"category","embeddable":true,"href":"https:\/\/obispadodezaratecampana.org\/index.php?rest_route=%2Fwp%2Fv2%2Fcategories&post=5424"},{"taxonomy":"post_tag","embeddable":true,"href":"https:\/\/obispadodezaratecampana.org\/index.php?rest_route=%2Fwp%2Fv2%2Ftags&post=5424"}],"curies":[{"name":"wp","href":"https:\/\/api.w.org\/{rel}","templated":true}]}}