{"id":5420,"date":"2014-05-01T11:08:39","date_gmt":"2014-05-01T14:08:39","guid":{"rendered":"http:\/\/obispadodezaratecampana.org\/?p=5420"},"modified":"2014-05-01T11:08:39","modified_gmt":"2014-05-01T14:08:39","slug":"segundo-don-del-espiritu-santo-entender-las-cosas-con-la-inteligencia-de-dios","status":"publish","type":"post","link":"https:\/\/obispadodezaratecampana.org\/?p=5420","title":{"rendered":"SEGUNDO DON DEL ESP\u00cdRITU SANTO: ENTENDER LAS COSAS CON LA INTELIGENCIA DE DIOS"},"content":{"rendered":"<p>Ciudad del Vaticano, 30 abril 2014 (VIS).- Prosiguiendo con la catequesis sobre los siete dones del Esp\u00edritu Santo, el Papa Francisco se ha centrado en la audiencia general de este mi\u00e9rcoles sobre el intelecto. &#8221;No se trata de la inteligencia humana o de la capacidad intelectual de la que podemos estar m\u00e1s o menos dotados -ha especificado-. Es una gracia que s\u00f3lo el Esp\u00edritu Santo puede infundir y que despierta en el cristiano la capacidad de ir m\u00e1s all\u00e1 de la apariencia exterior de la realidad y escrudi\u00f1ar en las profundidades del pensamiento de Dios y de su designio de salvaci\u00f3n&#8221;.<\/p>\n<p>Francisco ha recordado las palabras del ap\u00f3stol Pablo, cuando dirigi\u00e9ndose a la comunidad de Corintio describi\u00f3 los efectos de este don: &#8221;Esas cosas que los ojos no ven, que los o\u00eddos no escuchan y que nunca entrar\u00e1n en el coraz\u00f3n del hombre, Dios las ha preparado para aquellos que le aman. Pero a nosotros, Dios nos las ha revelado por medio del Esp\u00edritu Santo&#8221;.<\/p>\n<p>&#8221;Esto no quiere decir que un cristiano pueda comprender todo y tener pleno conocimiento de los dise\u00f1os de Dios -ha destacado el Pont\u00edfice-. Pero, como sugiere la palabra en s\u00ed, el intelecto permite &#8221;intus legere&#8221;, &#8221;leer dentro&#8221;. Este don nos hace entender las cosas como las entiende Dios, con la inteligencia de Dios&#8230; Es un don estrechamente conectado con la fe. Cuando el Esp\u00edritu Santo habita en nuestro coraz\u00f3n e ilumina nuestra mente, d\u00eda tras d\u00eda hace que aumente la comprensi\u00f3n de aquello que el Se\u00f1or ha dicho y ha cumplido&#8221;.<\/p>\n<p>Francisco ha explicado que lo mismo les sucedi\u00f3 a los ap\u00f3stoles del camino de Ema\u00fas, que no conocieron a Jes\u00fas porque no eran capaces. &#8221;Pero cuando el Se\u00f1or les explica sus Escrituras para que entiendan que \u00c9l deb\u00eda sufrir y morir para m\u00e1s tarde resurgir, -ha dicho- sus mentes se abren y en en sus corazones se enciende de nuevo la esperanza. Esto es lo que hace el Esp\u00edritu Santo con nosotros&#8221;.<\/p>\n<!-- AddThis Advanced Settings generic via filter on the_content --><!-- AddThis Share Buttons generic via filter on the_content -->","protected":false},"excerpt":{"rendered":"<p>Ciudad del Vaticano, 30 abril 2014 (VIS).- Prosiguiendo con la catequesis sobre los siete dones del Esp\u00edritu Santo, el Papa Francisco se ha centrado en [&hellip;]<!-- AddThis Advanced Settings generic via filter on get_the_excerpt --><!-- AddThis Share Buttons generic via filter on get_the_excerpt --><\/p>\n","protected":false},"author":2,"featured_media":5421,"comment_status":"open","ping_status":"closed","sticky":false,"template":"","format":"standard","meta":{"footnotes":""},"categories":[161],"tags":[],"class_list":["post-5420","post","type-post","status-publish","format-standard","has-post-thumbnail","hentry","category-el-papa-leonxiv"],"_links":{"self":[{"href":"https:\/\/obispadodezaratecampana.org\/index.php?rest_route=\/wp\/v2\/posts\/5420","targetHints":{"allow":["GET"]}}],"collection":[{"href":"https:\/\/obispadodezaratecampana.org\/index.php?rest_route=\/wp\/v2\/posts"}],"about":[{"href":"https:\/\/obispadodezaratecampana.org\/index.php?rest_route=\/wp\/v2\/types\/post"}],"author":[{"embeddable":true,"href":"https:\/\/obispadodezaratecampana.org\/index.php?rest_route=\/wp\/v2\/users\/2"}],"replies":[{"embeddable":true,"href":"https:\/\/obispadodezaratecampana.org\/index.php?rest_route=%2Fwp%2Fv2%2Fcomments&post=5420"}],"version-history":[{"count":1,"href":"https:\/\/obispadodezaratecampana.org\/index.php?rest_route=\/wp\/v2\/posts\/5420\/revisions"}],"predecessor-version":[{"id":5422,"href":"https:\/\/obispadodezaratecampana.org\/index.php?rest_route=\/wp\/v2\/posts\/5420\/revisions\/5422"}],"wp:featuredmedia":[{"embeddable":true,"href":"https:\/\/obispadodezaratecampana.org\/index.php?rest_route=\/wp\/v2\/media\/5421"}],"wp:attachment":[{"href":"https:\/\/obispadodezaratecampana.org\/index.php?rest_route=%2Fwp%2Fv2%2Fmedia&parent=5420"}],"wp:term":[{"taxonomy":"category","embeddable":true,"href":"https:\/\/obispadodezaratecampana.org\/index.php?rest_route=%2Fwp%2Fv2%2Fcategories&post=5420"},{"taxonomy":"post_tag","embeddable":true,"href":"https:\/\/obispadodezaratecampana.org\/index.php?rest_route=%2Fwp%2Fv2%2Ftags&post=5420"}],"curies":[{"name":"wp","href":"https:\/\/api.w.org\/{rel}","templated":true}]}}