{"id":5417,"date":"2014-04-29T22:25:35","date_gmt":"2014-04-30T01:25:35","guid":{"rendered":"http:\/\/obispadodezaratecampana.org\/?p=5417"},"modified":"2014-04-29T22:25:35","modified_gmt":"2014-04-30T01:25:35","slug":"el-demonio-es-el-padre-de-la-division-el-espiritu-santo-une","status":"publish","type":"post","link":"https:\/\/obispadodezaratecampana.org\/?p=5417","title":{"rendered":"El demonio es el padre de la divisi\u00f3n, el Esp\u00edritu Santo une"},"content":{"rendered":"<p>CIUDAD DEL VATICANO, 29 de abril de 2014 (Zenit.org) &#8211; Toda comunidad cristiana deber\u00eda comparar la propia vida con la que animaba la primera Iglesia y verificar la propia capacidad de vivir en &#8220;armon\u00eda&#8221;, de dar testimonio de la Resurrecci\u00f3n de Cristo y de asistir a los pobres. As\u00ed lo ha explicado el papa Francisco esta ma\u00f1ana en la homil\u00eda de la misa celebrada en Santa Marta.<\/p>\n<p>En los Hechos de los Ap\u00f3stoles se describe a la primera comunidad cristiana como un &#8220;icono&#8221; en tres &#8220;pinceladas&#8221;. El Santo Padre se ha detenido en los &#8220;tres puntos&#8221; de este grupo, capaz de plena concordia en su interior, de dar testimonio de Cristo fuera y de impedir que ninguno de sus miembros pase miseria: &#8220;las tres caracter\u00edsticas del pueblo nacido de nuevo&#8221;. De esta forma, el Pont\u00edfice ha desarrollado toda su homil\u00eda a partir de lo que durante toda la semana de Pascua la Iglesia ha subrayado: el &#8216;renacer de lo Alto&#8217;, del Esp\u00edritu que da vida al primer n\u00facleo de los &#8216;primeros cristianos&#8217;, cuando &#8216;a\u00fan no se llamaban as\u00ed&#8217;.<\/p>\n<p>El Papa lo ha explicado del siguiente modo: &#8220;Ten\u00edan un solo coraz\u00f3n y una sola alma. La paz. Una comunidad en paz. Esto significa que en esa comunidad no hab\u00eda lugar para el chismorreo, para las envidias, para las calumnias, para las difamaciones. Paz. El perd\u00f3n: &#8216;el amor cubr\u00eda todo&#8217;. Para calificar una comunidad cristiana sobre esto, debemos preguntarnos c\u00f3mo es la actitud de los cristianos. \u00bfSon mansos, humildes? \u00bfEn esa comunidad hay disputas entre ellos por el poder? \u00bfDisputas de envidia? \u00bfHay chismorreo? No est\u00e1n en el camino de Jesucristo. Esta peculiaridad es muy importante, muy importante, porque el demonio busca separarnos siempre. Es el padre de la divisi\u00f3n&#8221;.<\/p>\n<p>Pero, ha advertido, tambi\u00e9n hab\u00eda problemas en las primeras comunidades. Francisco ha recordado &#8220;las luchas internas, las luchas doctrinales, las luchas de poder&#8221; que tambi\u00e9n pasaron m\u00e1s adelante. Y de esto modo ha puesto el ejemplo de las viudas que se lamentaban por no haber sido bien asistidas y los ap\u00f3steles &#8220;tuvieron que hacer de di\u00e1conos&#8221;. Sin embargo, ese &#8216;momento fuerte&#8217; del inicio fija para siempre la esencia de la comunidad nacida del Esp\u00edritu. Una comunidad acorde y, segundo, una comunidad de testigos de la fe, sobre la cu\u00e1l el Papa invita a comparar toda comunidad de hoy.<\/p>\n<p>Es decir, ha explicado el Pont\u00edfice: &#8220;\u00bfEs una comunidad que da testimonio de la Resurrecci\u00f3n de Jesucristo? \u00bfEsta parroquia, esta comunidad, esta di\u00f3cesis, cree realmente que Jesucristo ha resucitado? O dice: &#8216;S\u00ed, ha resucitado, pero aqu\u00ed&#8217;, porque lo cree aqu\u00ed solamente, el coraz\u00f3n lejos de esta fuerza. Dar testimonio que Jes\u00fas esta vivo, est\u00e1 entre nosotros. Y as\u00ed se puede verificar c\u00f3mo va una comunidad&#8221;.<\/p>\n<p>El tercer aspecto sobre el que ha reflexionado Francisco al medir la vida de una comunidad cristiana han sido &#8220;los pobres&#8221;. En este punto el Papa ha se\u00f1alado dos ideas: &#8220;Primero: \u00bfc\u00f3mo es tu actitud o la actitud de esta comunidad con los pobres? Segundo: \u00bfesta comunidad es pobre? \u00bfPobre de coraz\u00f3n, pobre de esp\u00edritu? \u00bfO pone su confianza en las riquezas? \u00bfEn el poder? Armon\u00eda, testimonio, pobreza y cuidar a los pobres. Y esto es lo que explicaba Jes\u00fas a Nicodemo: este nacer de lo Alto. Porque el \u00fanico que puede hacer esto es el Esp\u00edritu. Esta es obra del Esp\u00edritu. La Iglesia la hace el Esp\u00edritu. El Esp\u00edritu hace unidad. El Esp\u00edritu nos empuja hacia el testimonio. El Esp\u00edritu te hace pobre, porque \u00c9l es la riqueza y hace que t\u00fa cuides de los pobres&#8221;.<\/p>\n<p>Para concluir la homil\u00eda, Francisco ha pedido que &#8220;el Esp\u00edritu Santo nos ayude a caminar en este camino de renacidos por la fuerza del Bautismo&#8221;<\/p>\n<!-- AddThis Advanced Settings generic via filter on the_content --><!-- AddThis Share Buttons generic via filter on the_content -->","protected":false},"excerpt":{"rendered":"<p>CIUDAD DEL VATICANO, 29 de abril de 2014 (Zenit.org) &#8211; Toda comunidad cristiana deber\u00eda comparar la propia vida con la que animaba la primera Iglesia [&hellip;]<!-- AddThis Advanced Settings generic via filter on get_the_excerpt --><!-- AddThis Share Buttons generic via filter on get_the_excerpt --><\/p>\n","protected":false},"author":2,"featured_media":5418,"comment_status":"open","ping_status":"closed","sticky":false,"template":"","format":"standard","meta":{"footnotes":""},"categories":[161],"tags":[],"class_list":["post-5417","post","type-post","status-publish","format-standard","has-post-thumbnail","hentry","category-el-papa-leonxiv"],"_links":{"self":[{"href":"https:\/\/obispadodezaratecampana.org\/index.php?rest_route=\/wp\/v2\/posts\/5417","targetHints":{"allow":["GET"]}}],"collection":[{"href":"https:\/\/obispadodezaratecampana.org\/index.php?rest_route=\/wp\/v2\/posts"}],"about":[{"href":"https:\/\/obispadodezaratecampana.org\/index.php?rest_route=\/wp\/v2\/types\/post"}],"author":[{"embeddable":true,"href":"https:\/\/obispadodezaratecampana.org\/index.php?rest_route=\/wp\/v2\/users\/2"}],"replies":[{"embeddable":true,"href":"https:\/\/obispadodezaratecampana.org\/index.php?rest_route=%2Fwp%2Fv2%2Fcomments&post=5417"}],"version-history":[{"count":1,"href":"https:\/\/obispadodezaratecampana.org\/index.php?rest_route=\/wp\/v2\/posts\/5417\/revisions"}],"predecessor-version":[{"id":5419,"href":"https:\/\/obispadodezaratecampana.org\/index.php?rest_route=\/wp\/v2\/posts\/5417\/revisions\/5419"}],"wp:featuredmedia":[{"embeddable":true,"href":"https:\/\/obispadodezaratecampana.org\/index.php?rest_route=\/wp\/v2\/media\/5418"}],"wp:attachment":[{"href":"https:\/\/obispadodezaratecampana.org\/index.php?rest_route=%2Fwp%2Fv2%2Fmedia&parent=5417"}],"wp:term":[{"taxonomy":"category","embeddable":true,"href":"https:\/\/obispadodezaratecampana.org\/index.php?rest_route=%2Fwp%2Fv2%2Fcategories&post=5417"},{"taxonomy":"post_tag","embeddable":true,"href":"https:\/\/obispadodezaratecampana.org\/index.php?rest_route=%2Fwp%2Fv2%2Ftags&post=5417"}],"curies":[{"name":"wp","href":"https:\/\/api.w.org\/{rel}","templated":true}]}}