{"id":5413,"date":"2014-04-29T00:27:09","date_gmt":"2014-04-29T03:27:09","guid":{"rendered":"http:\/\/obispadodezaratecampana.org\/?p=5413"},"modified":"2014-04-29T00:27:09","modified_gmt":"2014-04-29T03:27:09","slug":"el-papa-no-tengais-miedo-pensad-en-los-jovenes-apostoles","status":"publish","type":"post","link":"https:\/\/obispadodezaratecampana.org\/?p=5413","title":{"rendered":"EL PAPA: NO TENG\u00c1IS MIEDO, PENSAD EN LOS J\u00d3VENES AP\u00d3STOLES"},"content":{"rendered":"<p>Ciudad del Vaticano, 28 abril 2014 (VIS).- El Santo Padre envi\u00f3 el 26 de abril un v\u00eddeo mensaje a los j\u00f3venes de Buenos Aires en ocasi\u00f3n de la Pascua de la Juventud. que fue retransmitido en el Planetario de la capital argentina esa misma tarde. Francisco improvis\u00f3 el texto del mensaje que le hab\u00eda pedido hace tiempo el cardenal arzobispo de la capital porte\u00f1a Mario Aurelio Poli,<\/p>\n<p>&#8221;Estaba pensando mientras bajaba a hacer esta grabaci\u00f3n, qu\u00e9 les iba a decir -dice el Papa en el v\u00eddeo-. Que hag\u00e1is l\u00edo, ya os los dije. Que no teng\u00e1is miedo a nada, ya os lo dije. Que se\u00e1is libres, ya os los dije. Entonces me vino a la mente la figura de algunos j\u00f3venes del Evangelio. Algunos j\u00f3venes que se cruzaron con Jes\u00fas o de los cuales habl\u00f3 Jes\u00fas&#8230; Pens\u00e9 en los j\u00f3venes Ap\u00f3stoles, pens\u00e9 en el joven rico, pens\u00e9 en el joven que se fue a buscar una nueva vida con la herencia de su padre, pens\u00e9 en el joven muerto&#8230; C\u00f3mo se conmovieron por la figura de Jes\u00fas, entusiasmados, con ese estupor que produce cuando uno se encuentra con Jes\u00fas&#8230;Y despu\u00e9s los ap\u00f3stoles flaquearon y no se portaron tan bien&#8230;, despu\u00e9s viene la lucha por ser fieles a ese encuentro, el encuentro con Jes\u00fas&#8230; Dios es muy bueno -contin\u00faa-. Dios aprovecha nuestros fracasos para hablarnos al coraz\u00f3n. No le dijo Dios a este joven: &#8221;eres un fracasado, mira lo que has hecho. Lo hizo razonar&#8221;.<\/p>\n<p>Francisco enumera varios ejemplos masculinos y bromeando se dirige a las j\u00f3venes. &#8221;Padre, usted es injusto, &#8211; me van a decir las chicas &#8211; porque los ejemplos que da son para los varones, \u00bfy nosotras qu\u00e9?&#8230; Vosotras sois aspirantes a consolidar con su vida la ternura y la fidelidad. Vosotras est\u00e1is sobre el camino de esas mujeres que segu\u00edan a Jes\u00fas, en las buenas y en las malas. La mujer tiene ese gran tesoro de poder dar vida, de poder dar ternura, de poder dar paz y alegr\u00eda. Hay un solo modelo para vosotras, Mar\u00eda: La mujer de la fidelidad, la que no entend\u00eda lo que le pasaba pero obedeci\u00f3. La que en cuanto supo lo que su prima necesitaba, se fue corriendo, la Virgen de la Prontitud. La que se escap\u00f3 como refugiada en un pa\u00eds extranjero para salvar la vida de su hijo. La que ayud\u00f3 a crecer a su Hijo y lo acompa\u00f1\u00f3, y cuando su Hijo empez\u00f3 a predicar, iba detr\u00e1s de \u00c9l. La que sufri\u00f3 todo lo que le estaba pasando a ese chico, a ese muchacho grande. La que estaba al lado de ese Hijo y le dec\u00eda los problemas que hab\u00eda: ?Mira: no tienen vino?. La que en el momento de la Cruz estaba junto a \u00c9l&#8230; Vosotras sois mujeres de Iglesia&#8230; que es femenina, es como Mar\u00eda. \u00c9se es vuestro lugar. Ser Iglesia, conformar Iglesia, estar junto a Jes\u00fas, dar ternura, acompa\u00f1ar, dejar crecer&#8221;.<\/p>\n<p>Antes de finalizar, Francisco dice a las chicas en tono simp\u00e1tico y con marcado acento porte\u00f1o &#8221;\u00a1Ahora no se enojen, que ustedes salieron ganando sobre los varones!&#8221;, y las encomienda a &#8221;Mar\u00eda, la Se\u00f1ora de la Caricia, la Se\u00f1ora de la Ternura, la Se\u00f1ora de la Prontitud para servir&#8221;, para que les indique el camino. &#8221;Que cada uno de vosotros -concluye dirigi\u00e9ndose a todos los j\u00f3venes- se encuentre con Jes\u00fas, con ese Jes\u00fas resucitado. Y os digo una cosa: \u00a1No teng\u00e1is miedo! \u00a1Mirad a Jes\u00fas, mirad a Mar\u00eda y continuad hacia delante!&#8221;.<\/p>\n<!-- AddThis Advanced Settings generic via filter on the_content --><!-- AddThis Share Buttons generic via filter on the_content -->","protected":false},"excerpt":{"rendered":"<p>Ciudad del Vaticano, 28 abril 2014 (VIS).- El Santo Padre envi\u00f3 el 26 de abril un v\u00eddeo mensaje a los j\u00f3venes de Buenos Aires en [&hellip;]<!-- AddThis Advanced Settings generic via filter on get_the_excerpt --><!-- AddThis Share Buttons generic via filter on get_the_excerpt --><\/p>\n","protected":false},"author":2,"featured_media":5414,"comment_status":"open","ping_status":"closed","sticky":false,"template":"","format":"standard","meta":{"footnotes":""},"categories":[161],"tags":[],"class_list":["post-5413","post","type-post","status-publish","format-standard","has-post-thumbnail","hentry","category-el-papa-leonxiv"],"_links":{"self":[{"href":"https:\/\/obispadodezaratecampana.org\/index.php?rest_route=\/wp\/v2\/posts\/5413","targetHints":{"allow":["GET"]}}],"collection":[{"href":"https:\/\/obispadodezaratecampana.org\/index.php?rest_route=\/wp\/v2\/posts"}],"about":[{"href":"https:\/\/obispadodezaratecampana.org\/index.php?rest_route=\/wp\/v2\/types\/post"}],"author":[{"embeddable":true,"href":"https:\/\/obispadodezaratecampana.org\/index.php?rest_route=\/wp\/v2\/users\/2"}],"replies":[{"embeddable":true,"href":"https:\/\/obispadodezaratecampana.org\/index.php?rest_route=%2Fwp%2Fv2%2Fcomments&post=5413"}],"version-history":[{"count":1,"href":"https:\/\/obispadodezaratecampana.org\/index.php?rest_route=\/wp\/v2\/posts\/5413\/revisions"}],"predecessor-version":[{"id":5415,"href":"https:\/\/obispadodezaratecampana.org\/index.php?rest_route=\/wp\/v2\/posts\/5413\/revisions\/5415"}],"wp:featuredmedia":[{"embeddable":true,"href":"https:\/\/obispadodezaratecampana.org\/index.php?rest_route=\/wp\/v2\/media\/5414"}],"wp:attachment":[{"href":"https:\/\/obispadodezaratecampana.org\/index.php?rest_route=%2Fwp%2Fv2%2Fmedia&parent=5413"}],"wp:term":[{"taxonomy":"category","embeddable":true,"href":"https:\/\/obispadodezaratecampana.org\/index.php?rest_route=%2Fwp%2Fv2%2Fcategories&post=5413"},{"taxonomy":"post_tag","embeddable":true,"href":"https:\/\/obispadodezaratecampana.org\/index.php?rest_route=%2Fwp%2Fv2%2Ftags&post=5413"}],"curies":[{"name":"wp","href":"https:\/\/api.w.org\/{rel}","templated":true}]}}