{"id":5410,"date":"2014-04-29T00:06:53","date_gmt":"2014-04-29T03:06:53","guid":{"rendered":"http:\/\/obispadodezaratecampana.org\/?p=5410"},"modified":"2014-04-29T00:06:53","modified_gmt":"2014-04-29T03:06:53","slug":"honrar-la-memoria-de-los-dos-santos-continuando-con-sus-ensenanzas","status":"publish","type":"post","link":"https:\/\/obispadodezaratecampana.org\/?p=5410","title":{"rendered":"HONRAR LA MEMORIA DE LOS DOS SANTOS CONTINUANDO CON SUS ENSE\u00d1ANZAS"},"content":{"rendered":"<p id=\"ecx47a4ff2c-5806-de89-7c5b-535ce6192ee0\">Ciudad del Vaticano, 27 abril 2014 (VIS).- Al finalizar la Misa por la canonizaci\u00f3n de los beatos Pont\u00edfices Juan XXIII y Juan Pablo II y antes de rezar el Regina Caeli, el Santo Padre ha saludado a los fieles y peregrinos presentes en la Plaza de San Pedro y en las calles circundantes. Francisco ha agradecido la presencia de los cardenales, obispos, sacerdotes, las delegaciones oficiales de los diferentes pa\u00edses, y las autoridades italianas, &#8221;que han venido a rendir homenaje -ha dicho- a los dos pont\u00edfices que han contribuido de forma indeleble a la causa del desarrollo de los pueblos y de la paz&#8221;.<\/p>\n<p>El Papa ha saludado con &#8221;afecto&#8221; a los peregrinos provenientes de las di\u00f3cesis de B\u00e9rgamo y Cracovia y les ha animado a honrar la memoria de los dos nuevos santos continuando con sus ense\u00f1anzas. Asimismo ha dado las gracias a la di\u00f3cesis de Roma, al cardenal Agostino Vallini, al ayuntamiento de la ciudad, al alcalde Ignazio Marino y a las fuerzas del orden, las diferentes organizaciones, asociaciones y voluntarios, &#8221;que con gran generosidad han preparado estos memorables d\u00edas&#8221;. Tambi\u00e9n ha agradecido la labor de los medios de comunicaci\u00f3n que &#8221;han hecho posible que muchas personas pudieran participar&#8221;, y no se ha olvidado de los ancianos y los enfermos, recordando que los dos nuevos santos estaban muy cerca de ellos.<\/p>\n<p>Al finalizar, Francisco ha rezado a la Virgen Mar\u00eda &#8221;a la que san Juan XXIII y san Juan Pablo II amaron como verdaderos hijos&#8221;.<\/p>\n<p>Despu\u00e9s de acoger a las delegaciones oficiales, el Papa Francisco, por primera vez en una ceremonia de canonizaci\u00f3n o beatificaci\u00f3n, ha dado la vuelta a la Plaza de San Pedro y ha recorrido la V\u00eda de la Conciliaci\u00f3n en papam\u00f3vil para bendecir y saludar a los peregrinos que han participado en este acontecimiento hist\u00f3rico.<\/p>\n<!-- AddThis Advanced Settings generic via filter on the_content --><!-- AddThis Share Buttons generic via filter on the_content -->","protected":false},"excerpt":{"rendered":"<p>Ciudad del Vaticano, 27 abril 2014 (VIS).- Al finalizar la Misa por la canonizaci\u00f3n de los beatos Pont\u00edfices Juan XXIII y Juan Pablo II y [&hellip;]<!-- AddThis Advanced Settings generic via filter on get_the_excerpt --><!-- AddThis Share Buttons generic via filter on get_the_excerpt --><\/p>\n","protected":false},"author":2,"featured_media":5411,"comment_status":"open","ping_status":"closed","sticky":false,"template":"","format":"standard","meta":{"footnotes":""},"categories":[161],"tags":[],"class_list":["post-5410","post","type-post","status-publish","format-standard","has-post-thumbnail","hentry","category-el-papa-leonxiv"],"_links":{"self":[{"href":"https:\/\/obispadodezaratecampana.org\/index.php?rest_route=\/wp\/v2\/posts\/5410","targetHints":{"allow":["GET"]}}],"collection":[{"href":"https:\/\/obispadodezaratecampana.org\/index.php?rest_route=\/wp\/v2\/posts"}],"about":[{"href":"https:\/\/obispadodezaratecampana.org\/index.php?rest_route=\/wp\/v2\/types\/post"}],"author":[{"embeddable":true,"href":"https:\/\/obispadodezaratecampana.org\/index.php?rest_route=\/wp\/v2\/users\/2"}],"replies":[{"embeddable":true,"href":"https:\/\/obispadodezaratecampana.org\/index.php?rest_route=%2Fwp%2Fv2%2Fcomments&post=5410"}],"version-history":[{"count":1,"href":"https:\/\/obispadodezaratecampana.org\/index.php?rest_route=\/wp\/v2\/posts\/5410\/revisions"}],"predecessor-version":[{"id":5412,"href":"https:\/\/obispadodezaratecampana.org\/index.php?rest_route=\/wp\/v2\/posts\/5410\/revisions\/5412"}],"wp:featuredmedia":[{"embeddable":true,"href":"https:\/\/obispadodezaratecampana.org\/index.php?rest_route=\/wp\/v2\/media\/5411"}],"wp:attachment":[{"href":"https:\/\/obispadodezaratecampana.org\/index.php?rest_route=%2Fwp%2Fv2%2Fmedia&parent=5410"}],"wp:term":[{"taxonomy":"category","embeddable":true,"href":"https:\/\/obispadodezaratecampana.org\/index.php?rest_route=%2Fwp%2Fv2%2Fcategories&post=5410"},{"taxonomy":"post_tag","embeddable":true,"href":"https:\/\/obispadodezaratecampana.org\/index.php?rest_route=%2Fwp%2Fv2%2Ftags&post=5410"}],"curies":[{"name":"wp","href":"https:\/\/api.w.org\/{rel}","templated":true}]}}