{"id":5406,"date":"2014-04-28T23:59:40","date_gmt":"2014-04-29T02:59:40","guid":{"rendered":"http:\/\/obispadodezaratecampana.org\/?p=5406"},"modified":"2014-04-28T23:59:40","modified_gmt":"2014-04-29T02:59:40","slug":"juan-xxiii-y-juan-pablo-ii-ya-estan-en-el-libro-de-los-santos","status":"publish","type":"post","link":"https:\/\/obispadodezaratecampana.org\/?p=5406","title":{"rendered":"JUAN XXIII Y JUAN PABLO II YA EST\u00c1N EN EL LIBRO DE LOS SANTOS"},"content":{"rendered":"<p>Ciudad del Vaticano, 27 abril 2014 (VIS).Medio mill\u00f3n de personas han asistido \u00a0en la Plaza de San Pedro a la ceremonia de canonizaci\u00f3n de los &#8221;dos Papas Santos&#8221;: Juan XXIII y Juan Pablo II, a las que hay que sumar las trescientas mil que han visto la ceremonia en las pantallas gigantes distribuidas en la ciudad de Roma. Ya desde las cinco de la ma\u00f1ana, hora de la apertura , la Plaza y sus alrededores estaban repletas de peregrinos procedentes de todo el mundo, si bien los procedentes de Polonia representaban uno de los grupos m\u00e1s numerosos. A ellos se han sumado las delegaciones oficiales de m\u00e1s de 100 pa\u00edses, m\u00e1s de veinte Jefes de Estado y numerosas personalidades del mundo de la pol\u00edtica y la cultura. Estaban presentes, entre otros, los Reyes de Espa\u00f1a, Don Juan Carlos y Do\u00f1a Sof\u00eda, el rey Alberto II y la reina Paola de B\u00e9lgica, el Pr\u00edncipe Hans -Adam II de Lichtenstein, el Gran Duque Henry de Luxemburgo, el ex presidente de la Rep\u00fablica de Polonia, Lech Walesa, el Presidente del Parlamento Argentino Jul\u00ed\u00e1n Dominguez y los Presidentes de la Uni\u00f3n Europea Hernan Van Rompuy y de la Comisi\u00f3n Europea, Jos\u00e9 Manuel Barroso. Las dos protagonistas de los milagros de Juan Pablo II, Sor Adele Labianca y Floribeth Mora D\u00edaz, tambi\u00e9n han tomado parte en la celebraci\u00f3n.<\/p>\n<p>Los tapices con los retratos de los dos Papas &#8211; los mismos utilizados para las respectivas beatificaciones- presidian la portada de la bas\u00edlica mientras en la Plaza, adornada con m\u00e1s de 30.000 rosas procedentes de Ecuador, y en la V\u00eda de la Conciliaci\u00f3n cientos de miles de fieles se preparaban para la celebraci\u00f3n rezando la corona del rosario de la Divina Misericordia, intercalada con textos del magisterio de ambos pont\u00edfices y precedida por el Himno al beato Juan XXIII &#8221;Pastor bueno de la grey de Cristo&#8221;. El rezo ha finalizado con el Himno al beato Juan Pablo II &#8221;Abrid las puertas a Cristo&#8221;.<\/p>\n<p>Bajo una lluvia intermitente y mientras se rezaban las letan\u00edas invocando la protecci\u00f3n de los santos ha comenzado la procesi\u00f3n de los cardenales y obispos concelebrantes que antes de ocupar sus puestos han saludado al Papa em\u00e9rito Benedicto XVI , el cual ha concelebrado tambi\u00e9n con el Santo Padre. Pocos minutos despu\u00e9s de las diez, el Papa Francisco ha efectuado su ingreso en la Plaza y antes de proceder al rito de la proclamaci\u00f3n de los nuevos santos, se ha dirigido al Papa em\u00e9rito para abrazarlo.<\/p>\n<p>Instantes despu\u00e9s el cardenal Angelo Amato, S.D.B., Prefecto de la Congregaci\u00f3n para las Causas de los Santos, acompa\u00f1ado de los postuladores ha solicitado al Papa Francisco que inscribiera el nombre de los dos Papas beatos en el Cat\u00e1logo de los Santos y el Santo Padre ha pronunciado la f\u00f3rmula de canonizaci\u00f3n :<\/p>\n<p>&#8221;En honor a la Sant\u00edsima Trinidad,<\/p>\n<p>para exaltaci\u00f3n de la fe cat\u00f3lica<\/p>\n<p>y crecimiento de la vida cristiana,<\/p>\n<p>con la autoridad de nuestro Se\u00f1or Jesucristo,<\/p>\n<p>de los Santos Ap\u00f3stoles Pedro y Pablo<\/p>\n<p>y la Nuestra,<\/p>\n<p>despu\u00e9s de haber reflexionado largamente,<\/p>\n<p>invocando muchas veces la ayuda divina<\/p>\n<p>y o\u00eddo el parecer<\/p>\n<p>de numerosos hermanos en el episcopado,<\/p>\n<p>declaramos y definimos Santos<\/p>\n<p>a los Beatos<\/p>\n<p>Juan XXIII<\/p>\n<p>y Juan Pablo II<\/p>\n<p>y los inscribimos en el Cat\u00e1logo de los Santos,<\/p>\n<p>y establecemos que en toda la Iglesia<\/p>\n<p>sean devotamente honrados entre los Santos.<\/p>\n<p>En el nombre del Padre y del Hijo<\/p>\n<p>Y del Esp\u00edritu Santo<\/p>\n<p>Am\u00e9n&#8221;.<\/p>\n<p>A continuaci\u00f3n han sido presentados al Papa los relicarios de los nuevos santos, que han permanecido expuestos en el altar durante la celebraci\u00f3n: el de Juan Pablo II, contiene una ampolla con su sangre y es el mismo mostrado el 1 de mayo de 2011 mientras para Juan XXIII se ha fabricado uno gemelo ya que durante su beatificaci\u00f3n, el 3 de septiembre del a\u00f1o 2000, su cuerpo todav\u00eda no hab\u00eda sido exhumado.<\/p>\n<p>Despu\u00e9s de la proclamaci\u00f3n del Evangelio, el Santo Padre ha pronunciado una homil\u00eda en la que defini\u00f3 a San Juan XXIII como &#8221;el Papa de la docilidad al Esp\u00edritu Santo&#8221; y a San Juan Pablo II como &#8221;el Papa de la Familia&#8221; , habiendo recordado antes que &#8221;en el centro de este domingo, con el que se termina la octava de pascua, y que Juan Pablo II quiso dedicar a la Divina Misericordia, est\u00e1n las llagas gloriosas de Cristo resucitado&#8221;.<\/p>\n<p>&#8221;\u00c9l -ha dicho- ya las ense\u00f1\u00f3 la primera vez que se apareci\u00f3 a los ap\u00f3stoles la misma tarde del primer d\u00eda de la semana, el d\u00eda de la resurrecci\u00f3n. Pero Tom\u00e1s aquella tarde no estaba; y, cuando los dem\u00e1s le dijeron que hab\u00edan visto al Se\u00f1or, respondi\u00f3 que, mientras no viera y tocara aquellas llagas, no lo creer\u00eda. Ocho d\u00edas despu\u00e9s, Jes\u00fas se apareci\u00f3 de nuevo en el cen\u00e1culo, en medio de los disc\u00edpulos, y Tom\u00e1s tambi\u00e9n estaba; se dirigi\u00f3 a \u00e9l y lo invit\u00f3 a tocar sus llagas. Y entonces, aquel hombre sincero, aquel hombre acostumbrado a comprobar personalmente las cosas, se arrodill\u00f3 delante de Jes\u00fas y dijo: &#8221;Se\u00f1or m\u00edo y Dios m\u00edo&#8221;.<\/p>\n<p>&#8221;Las llagas de Jes\u00fas son un esc\u00e1ndalo para la fe, pero son tambi\u00e9n la comprobaci\u00f3n de la fe. Por eso, en el cuerpo de Cristo resucitado las llagas no desaparecen, permanecen, porque aquellas llagas son el signo permanente del amor de Dios por nosotros, y son indispensables para creer en Dios. No para creer que Dios existe, sino para creer que Dios es amor, misericordia, fidelidad. San Pedro, citando a Isa\u00edas, escribe a los cristianos: &#8221;Sus heridas nos han curado&#8221;.<\/p>\n<p>&#8221;San Juan XXIII y San Juan Pablo II -ha exclamado- tuvieron el valor de mirar las heridas de Jes\u00fas, de tocar sus manos llagadas y su costado traspasado. No se avergonzaron de la carne de Cristo, no se escandalizaron de \u00e9l, de su cruz; no se avergonzaron de la carne del hermano, porque en cada persona que sufr\u00eda ve\u00edan a Jes\u00fas. Fueron dos hombres valerosos, llenos de la parresia del Esp\u00edritu Santo, y dieron testimonio ante la Iglesia y el mundo de la bondad de Dios, de su misericordia.<\/p>\n<p>&#8221;Fueron sacerdotes, obispos y papas del siglo XX. Conocieron sus tragedias, pero no se abrumaron. En ellos, Dios fue m\u00e1s fuerte; fue m\u00e1s fuerte la fe en Jesucristo Redentor del hombre y Se\u00f1or de la historia; en ellos fue m\u00e1s fuerte la misericordia de Dios que se manifiesta en estas cinco llagas; m\u00e1s fuerte la cercan\u00eda materna de Mar\u00eda&#8221;.<\/p>\n<p>&#8221;En estos dos hombres contemplativos de las llagas de Cristo y testigos de su misericordia hab\u00eda &#8221;una esperanza viva&#8221;, junto a un &#8221;gozo inefable y radiante&#8221;. La esperanza y el gozo que Cristo resucitado da a sus disc\u00edpulos, y de los que nada ni nadie les podr\u00e1 privar. La esperanza y el gozo pascual, purificados en el crisol de la humillaci\u00f3n, del vaciamiento, de la cercan\u00eda a los pecadores hasta el extremo, hasta la n\u00e1usea a causa de la amargura de aquel c\u00e1liz. \u00c9sta es la esperanza y el gozo que los dos papas santos recibieron como un don del Se\u00f1or resucitado, y que a su vez dieron abundantemente al Pueblo de Dios, recibiendo de \u00e9l un reconocimiento eterno&#8221;.<\/p>\n<p>&#8221;Esta esperanza y esta alegr\u00eda se respiraba en la primera comunidad de los creyentes, en Jerusal\u00e9n, como se nos narra en los Hechos de los Ap\u00f3stoles, que hemos escuchado en la segunda lectura. Es una comunidad en la que se vive la esencia del Evangelio, esto es, el amor, la misericordia, con simplicidad y fraternidad.<\/p>\n<p>&#8221;Y \u00e9sta es la imagen de la Iglesia que el Concilio Vaticano II tuvo ante s\u00ed. Juan XXIII y Juan Pablo II colaboraron con el Esp\u00edritu Santo para restaurar y actualizar la Iglesia seg\u00fan su fisionom\u00eda originaria, la fisionom\u00eda que le dieron los santos a lo largo de los siglos. No olvidemos que son precisamente los santos quienes llevan adelante y hacen crecer la Iglesia. En la convocatoria del Concilio, San Juan XXIII demostr\u00f3 una delicada docilidad al Esp\u00edritu Santo, se dej\u00f3 conducir y fue para la Iglesia un pastor, un gu\u00eda-guiado por el Esp\u00edritu Santo. \u00c9ste fue su gran servicio a la Iglesia; por eso a m\u00ed me gusta recordarlo como el Papa de la docilidad al Esp\u00edritu&#8221;<\/p>\n<p>&#8221;En este servicio al Pueblo de Dios, Juan Pablo II fue el Papa de la familia. \u00c9l mismo, una vez, dijo que as\u00ed le habr\u00eda gustado ser recordado, como el Papa de la familia. Me gusta subrayarlo ahora que estamos viviendo un camino sinodal sobre la familia y con las familias, un camino que \u00e9l, desde el Cielo, ciertamente acompa\u00f1a y sostiene&#8221;.<\/p>\n<p>&#8221;Que estos dos nuevos santos pastores del Pueblo de Dios -ha concluido-intercedan por la Iglesia, para que, durante estos dos a\u00f1os de camino sinodal, sea d\u00f3cil al Esp\u00edritu Santo en el servicio pastoral a la familia. Que ambos nos ense\u00f1en a no escandalizarnos de las llagas de Cristo, a adentrarnos en el misterio de la misericordia divina que siempre espera, siempre perdona, porque siempre ama&#8221;.<\/p>\n<p>La bas\u00edlica de San Pedro permanecer\u00e1 abierta hoy desde las 14 hasta las 22 horas para que los peregrinos puedan venerar los cuerpos de los dos Papas canonizados en cuyas urnas de cristal ya se ha a\u00f1adido la palabra santo.<\/p>\n<!-- AddThis Advanced Settings generic via filter on the_content --><!-- AddThis Share Buttons generic via filter on the_content -->","protected":false},"excerpt":{"rendered":"<p>Ciudad del Vaticano, 27 abril 2014 (VIS).Medio mill\u00f3n de personas han asistido \u00a0en la Plaza de San Pedro a la ceremonia de canonizaci\u00f3n de los [&hellip;]<!-- AddThis Advanced Settings generic via filter on get_the_excerpt --><!-- AddThis Share Buttons generic via filter on get_the_excerpt --><\/p>\n","protected":false},"author":2,"featured_media":5407,"comment_status":"open","ping_status":"closed","sticky":false,"template":"","format":"standard","meta":{"footnotes":""},"categories":[161],"tags":[],"class_list":["post-5406","post","type-post","status-publish","format-standard","has-post-thumbnail","hentry","category-el-papa-leonxiv"],"_links":{"self":[{"href":"https:\/\/obispadodezaratecampana.org\/index.php?rest_route=\/wp\/v2\/posts\/5406","targetHints":{"allow":["GET"]}}],"collection":[{"href":"https:\/\/obispadodezaratecampana.org\/index.php?rest_route=\/wp\/v2\/posts"}],"about":[{"href":"https:\/\/obispadodezaratecampana.org\/index.php?rest_route=\/wp\/v2\/types\/post"}],"author":[{"embeddable":true,"href":"https:\/\/obispadodezaratecampana.org\/index.php?rest_route=\/wp\/v2\/users\/2"}],"replies":[{"embeddable":true,"href":"https:\/\/obispadodezaratecampana.org\/index.php?rest_route=%2Fwp%2Fv2%2Fcomments&post=5406"}],"version-history":[{"count":1,"href":"https:\/\/obispadodezaratecampana.org\/index.php?rest_route=\/wp\/v2\/posts\/5406\/revisions"}],"predecessor-version":[{"id":5409,"href":"https:\/\/obispadodezaratecampana.org\/index.php?rest_route=\/wp\/v2\/posts\/5406\/revisions\/5409"}],"wp:featuredmedia":[{"embeddable":true,"href":"https:\/\/obispadodezaratecampana.org\/index.php?rest_route=\/wp\/v2\/media\/5407"}],"wp:attachment":[{"href":"https:\/\/obispadodezaratecampana.org\/index.php?rest_route=%2Fwp%2Fv2%2Fmedia&parent=5406"}],"wp:term":[{"taxonomy":"category","embeddable":true,"href":"https:\/\/obispadodezaratecampana.org\/index.php?rest_route=%2Fwp%2Fv2%2Fcategories&post=5406"},{"taxonomy":"post_tag","embeddable":true,"href":"https:\/\/obispadodezaratecampana.org\/index.php?rest_route=%2Fwp%2Fv2%2Ftags&post=5406"}],"curies":[{"name":"wp","href":"https:\/\/api.w.org\/{rel}","templated":true}]}}