{"id":5373,"date":"2014-04-28T18:08:27","date_gmt":"2014-04-28T21:08:27","guid":{"rendered":"http:\/\/obispadodezaratecampana.org\/?p=5373"},"modified":"2014-04-28T18:08:27","modified_gmt":"2014-04-28T21:08:27","slug":"padre-guillermo-diaz-nuevo-sacerdote-diocesano","status":"publish","type":"post","link":"https:\/\/obispadodezaratecampana.org\/?p=5373","title":{"rendered":"Padre Guillermo D\u00edaz: nuevo sacerdote diocesano"},"content":{"rendered":"<p>El pasado s\u00e1bado 26 de abril el Di\u00e1cono Guillermo D\u00edaz recibi\u00f3 la orden del Presbiterado (sacerdocio) de manos de nuestro Obispo Oscar Sarlinga.<\/p>\n<p>La emotiva celebraci\u00f3n tuvo lugar en la Parroquia San Antonio de Padua, en Pte. Derqui (Pilar), lugar de donde es oriundo el padre Guillermo.\u00a0Participaron sus familiares, amigos, sacerdotes, seminaristas, miembros de la comunidad parroquial y demas fieles provenientes de diversos lugares de la di\u00f3cesis.<\/p>\n<p>Luego de la liturgia, hubo un \u00e1gape fraterno con animaci\u00f3n musical inclusive.<\/p>\n<p>Muchas bendiciones y felicitaciones para este nuevo pastor.<\/p>\n<p>&nbsp;<\/p>\n<!-- AddThis Advanced Settings generic via filter on the_content --><!-- AddThis Share Buttons generic via filter on the_content -->","protected":false},"excerpt":{"rendered":"<p>El pasado s\u00e1bado 26 de abril el Di\u00e1cono Guillermo D\u00edaz recibi\u00f3 la orden del Presbiterado (sacerdocio) de manos de nuestro Obispo Oscar Sarlinga. La emotiva [&hellip;]<!-- AddThis Advanced Settings generic via filter on get_the_excerpt --><!-- AddThis Share Buttons generic via filter on get_the_excerpt --><\/p>\n","protected":false},"author":2,"featured_media":5401,"comment_status":"open","ping_status":"closed","sticky":false,"template":"","format":"standard","meta":{"footnotes":""},"categories":[1],"tags":[],"class_list":["post-5373","post","type-post","status-publish","format-standard","has-post-thumbnail","hentry","category-noticiasdiocesanas"],"_links":{"self":[{"href":"https:\/\/obispadodezaratecampana.org\/index.php?rest_route=\/wp\/v2\/posts\/5373","targetHints":{"allow":["GET"]}}],"collection":[{"href":"https:\/\/obispadodezaratecampana.org\/index.php?rest_route=\/wp\/v2\/posts"}],"about":[{"href":"https:\/\/obispadodezaratecampana.org\/index.php?rest_route=\/wp\/v2\/types\/post"}],"author":[{"embeddable":true,"href":"https:\/\/obispadodezaratecampana.org\/index.php?rest_route=\/wp\/v2\/users\/2"}],"replies":[{"embeddable":true,"href":"https:\/\/obispadodezaratecampana.org\/index.php?rest_route=%2Fwp%2Fv2%2Fcomments&post=5373"}],"version-history":[{"count":1,"href":"https:\/\/obispadodezaratecampana.org\/index.php?rest_route=\/wp\/v2\/posts\/5373\/revisions"}],"predecessor-version":[{"id":5402,"href":"https:\/\/obispadodezaratecampana.org\/index.php?rest_route=\/wp\/v2\/posts\/5373\/revisions\/5402"}],"wp:featuredmedia":[{"embeddable":true,"href":"https:\/\/obispadodezaratecampana.org\/index.php?rest_route=\/wp\/v2\/media\/5401"}],"wp:attachment":[{"href":"https:\/\/obispadodezaratecampana.org\/index.php?rest_route=%2Fwp%2Fv2%2Fmedia&parent=5373"}],"wp:term":[{"taxonomy":"category","embeddable":true,"href":"https:\/\/obispadodezaratecampana.org\/index.php?rest_route=%2Fwp%2Fv2%2Fcategories&post=5373"},{"taxonomy":"post_tag","embeddable":true,"href":"https:\/\/obispadodezaratecampana.org\/index.php?rest_route=%2Fwp%2Fv2%2Ftags&post=5373"}],"curies":[{"name":"wp","href":"https:\/\/api.w.org\/{rel}","templated":true}]}}