{"id":5368,"date":"2014-04-28T16:07:43","date_gmt":"2014-04-28T19:07:43","guid":{"rendered":"http:\/\/obispadodezaratecampana.org\/?p=5368"},"modified":"2014-04-28T16:07:44","modified_gmt":"2014-04-28T19:07:44","slug":"misa-por-los-enfermos-y-afligidos-en-pilar","status":"publish","type":"post","link":"https:\/\/obispadodezaratecampana.org\/?p=5368","title":{"rendered":"Misa por los enfermos y afligidos en Pilar"},"content":{"rendered":"<p>Compartimos con ustedes informaci\u00f3n acerca de este evento en facebook, creado por la Renovaci\u00f3n Carism\u00e1tica Cat\u00f3lica de nuestra di\u00f3cesis: &#8220;<em>Santa Misa para enfermos y afligidos&#8221;\u00a0<\/em><\/p>\n<p><em><\/em><a title=\"misa\" href=\"https:\/\/www.facebook.com\/events\/1418520865073557\/\">https:\/\/www.facebook.com\/events\/1418520865073557\/<\/a><\/p>\n<p><strong>Detalle del evento<\/strong><\/p>\n<p>Visita nuestra di\u00f3cesis el padre Gustavo Jamut. Es un tiempo de gracia que el Se\u00f1or nos regala.<br \/>\nLos esperamos para Alabar y Adorar al Rey de Reyes.<br \/>\nEntrada por la calle Maria Ana Mogas al 100 &#8211; Instituto Madre del Divino Pastor de Pilar. El mi\u00e9rcoles 14 de mayo a las 19:00 hs.<\/p>\n<p><em>Padre Gustavo Jamut<\/em><\/p>\n<p>El padre Gustavo E. Jamut, naci\u00f3 en el barrio porte\u00f1o de Belgrano.<br \/>\nFue ordenado sacerdote pore monse\u00f1or Mir\u00e1s en el Santuario de Santa Rita, en la ciudad de Buenos Aires, donde realiz\u00f3 su tarea pastoral durante un a\u00f1o para luego dedicarse a la formaci\u00f3n de los postulantes por el per\u00edodo de dos a\u00f1os.<br \/>\nTambi\u00e9n desempe\u00f1\u00f3 tareas pastorales en la provincia de C\u00f3rdoba y en San Bernardo, Chile. All\u00ed conoci\u00f3 al padre Carlos Aldunate, SJ, por medio de quien comenz\u00f3 a participar activamente en la RCC (Renovaci\u00f3n Carism\u00e1tica Cat\u00f3lica), tanto en Chile como en la Argentina y dem\u00e1s pa\u00edses lim\u00edtrofes.<br \/>\nDesde el a\u00f1o 1985 a la actualidad ha realizado misiones de forma ininterrumpida en las zonas m\u00e1s necesitadas de la provincia de Corrientes y otras. Tambi\u00e9n form\u00f3 grupos laicos en las capillas de diferentes pueblos, quienes en la actualidad se dedican a la evangelizaci\u00f3n como catequistas, misioneros o miembros de grupos juveniles.<br \/>\nDesde hace 12 a\u00f1os colabora en la parroquia San Roque como asesor de los grupos de la RCC, es asesor de este movimiento en la Arquidi\u00f3cesis y en la regi\u00f3n de Buenos Aires, y organizador de retiros espirituales que con nutrido calendario se dictan en la misma parroquia. Actualmente se desempe\u00f1a como rector local de la comunidad religiosa Oblata de San Roque. Por otra parte, fue el fundador de la Comunidad Evangelizadora &#8220;Mensajeros de la Paz&#8221;. El Padre Jamut es invitado a dar conferencias, seminarios y retiros en todas las provincias argentinas y en otros pa\u00edses, profundizando en sus conferencias la importancia de la formaci\u00f3n de los evangelizadores y la sanaci\u00f3n de las diversas \u00e1reas de la persona. Es, tambi\u00e9n, autor de diversos libros.<\/p>\n<p>Si Usted desea saber m\u00e1s acerca del Padre Jamut y su obra visite\u00a0<a href=\"http:\/\/www.sanroquercc.com.ar\/\" target=\"_blank\" rel=\"nofollow nofollow\">www.sanroquercc.com.ar<\/a><\/p>\n<!-- AddThis Advanced Settings generic via filter on the_content --><!-- AddThis Share Buttons generic via filter on the_content -->","protected":false},"excerpt":{"rendered":"<p>Compartimos con ustedes informaci\u00f3n acerca de este evento en facebook, creado por la Renovaci\u00f3n Carism\u00e1tica Cat\u00f3lica de nuestra di\u00f3cesis: &#8220;Santa Misa para enfermos y afligidos&#8221;\u00a0 [&hellip;]<!-- AddThis Advanced Settings generic via filter on get_the_excerpt --><!-- AddThis Share Buttons generic via filter on get_the_excerpt --><\/p>\n","protected":false},"author":2,"featured_media":5369,"comment_status":"open","ping_status":"closed","sticky":false,"template":"","format":"standard","meta":{"footnotes":""},"categories":[4],"tags":[],"class_list":["post-5368","post","type-post","status-publish","format-standard","has-post-thumbnail","hentry","category-movimientosinstituciones"],"_links":{"self":[{"href":"https:\/\/obispadodezaratecampana.org\/index.php?rest_route=\/wp\/v2\/posts\/5368","targetHints":{"allow":["GET"]}}],"collection":[{"href":"https:\/\/obispadodezaratecampana.org\/index.php?rest_route=\/wp\/v2\/posts"}],"about":[{"href":"https:\/\/obispadodezaratecampana.org\/index.php?rest_route=\/wp\/v2\/types\/post"}],"author":[{"embeddable":true,"href":"https:\/\/obispadodezaratecampana.org\/index.php?rest_route=\/wp\/v2\/users\/2"}],"replies":[{"embeddable":true,"href":"https:\/\/obispadodezaratecampana.org\/index.php?rest_route=%2Fwp%2Fv2%2Fcomments&post=5368"}],"version-history":[{"count":1,"href":"https:\/\/obispadodezaratecampana.org\/index.php?rest_route=\/wp\/v2\/posts\/5368\/revisions"}],"predecessor-version":[{"id":5370,"href":"https:\/\/obispadodezaratecampana.org\/index.php?rest_route=\/wp\/v2\/posts\/5368\/revisions\/5370"}],"wp:featuredmedia":[{"embeddable":true,"href":"https:\/\/obispadodezaratecampana.org\/index.php?rest_route=\/wp\/v2\/media\/5369"}],"wp:attachment":[{"href":"https:\/\/obispadodezaratecampana.org\/index.php?rest_route=%2Fwp%2Fv2%2Fmedia&parent=5368"}],"wp:term":[{"taxonomy":"category","embeddable":true,"href":"https:\/\/obispadodezaratecampana.org\/index.php?rest_route=%2Fwp%2Fv2%2Fcategories&post=5368"},{"taxonomy":"post_tag","embeddable":true,"href":"https:\/\/obispadodezaratecampana.org\/index.php?rest_route=%2Fwp%2Fv2%2Ftags&post=5368"}],"curies":[{"name":"wp","href":"https:\/\/api.w.org\/{rel}","templated":true}]}}